{"id":83109,"date":"2026-09-02T10:01:35","date_gmt":"2026-09-02T13:01:35","guid":{"rendered":"https:\/\/hablemosclarotdf.com.ar\/?p=83109"},"modified":"2026-09-02T10:01:35","modified_gmt":"2026-09-02T13:01:35","slug":"el-hogar-de-dia-lazos-de-amor-celebro-sus-31-anos-de-acompanamiento-a-las-personas-mayores","status":"publish","type":"post","link":"https:\/\/hablemosclarotdf.com.ar\/?p=83109","title":{"rendered":"EL HOGAR DE D\u00cdA &#8220;LAZOS DE AMOR&#8221; CELEBR\u00d3 SUS 31 A\u00d1OS DE ACOMPA\u00d1AMIENTO A LAS PERSONAS MAYORES"},"content":{"rendered":"<p>El Hogar de D\u00eda Lazos de Amor celebr\u00f3 sus 31 a\u00f1os de trayectoria con una jornada de encuentro y celebraci\u00f3n junto a sus asistentes, personas mayores que participan de las actividades en Tolhuin y trabajadores y trabajadoras del \u00e1rea.<\/p>\n<p>La actividad fue organizada por la Subsecretar\u00eda de Personas Mayores Zona Norte y Centro y cont\u00f3 con la presencia de la ministra de Bienestar Ciudadano y Justicia, Luc\u00eda Rossi; la concejala Ver\u00f3nica Mart\u00ednez y el secretario de Representaci\u00f3n Pol\u00edtica, Federico Gim\u00e9nez.<\/p>\n<p>Durante la jornada se compartieron n\u00fameros art\u00edsticos, comida y distintos momentos de encuentro, adem\u00e1s de realizarse un reconocimiento a los y las trabajadoras que forman parte del \u00e1rea por su compromiso y dedicaci\u00f3n en el acompa\u00f1amiento cotidiano de las personas mayores.<\/p>\n<p>En este marco, la ministra Luc\u00eda Rossi destac\u00f3 el valor de estos espacios y se\u00f1al\u00f3: \u201cLazos de Amor es mucho m\u00e1s que un hogar de d\u00eda: es un lugar de encuentro, contenci\u00f3n, participaci\u00f3n y acompa\u00f1amiento. Para el Gobierno de la provincia es una decisi\u00f3n seguir fortaleciendo estos espacios y garantizar un abordaje integral para nuestras personas mayores, acompa\u00f1\u00e1ndolas no solamente desde lo asistencial, sino tambi\u00e9n promoviendo su bienestar, autonom\u00eda, participaci\u00f3n y calidad de vida\u201d.<\/p>\n<p>La celebraci\u00f3n permiti\u00f3 poner en valor la historia construida durante estos 31 a\u00f1os y el trabajo sostenido de quienes hacen posible que el Hogar de D\u00eda contin\u00fae siendo un espacio de referencia para las personas mayores de la comunidad.<\/p>\n","protected":false},"excerpt":{"rendered":"<p>El Hogar de D\u00eda Lazos de Amor celebr\u00f3 sus 31 a\u00f1os de trayectoria con una&#8230;<\/p>\n","protected":false},"author":1,"featured_media":83110,"comment_status":"closed","ping_status":"closed","sticky":false,"template":"","format":"standard","meta":{"footnotes":""},"categories":[3],"tags":[],"class_list":["post-83109","post","type-post","status-publish","format-standard","has-post-thumbnail","hentry","category-noticias"],"jetpack_featured_media_url":"https:\/\/hablemosclarotdf.com.ar\/wp-content\/uploads\/2026\/09\/photo_2026-09-02_10-01-07.jpg","_links":{"self":[{"href":"https:\/\/hablemosclarotdf.com.ar\/index.php?rest_route=\/wp\/v2\/posts\/83109","targetHints":{"allow":["GET"]}}],"collection":[{"href":"https:\/\/hablemosclarotdf.com.ar\/index.php?rest_route=\/wp\/v2\/posts"}],"about":[{"href":"https:\/\/hablemosclarotdf.com.ar\/index.php?rest_route=\/wp\/v2\/types\/post"}],"author":[{"embeddable":true,"href":"https:\/\/hablemosclarotdf.com.ar\/index.php?rest_route=\/wp\/v2\/users\/1"}],"replies":[{"embeddable":true,"href":"https:\/\/hablemosclarotdf.com.ar\/index.php?rest_route=%2Fwp%2Fv2%2Fcomments&post=83109"}],"version-history":[{"count":1,"href":"https:\/\/hablemosclarotdf.com.ar\/index.php?rest_route=\/wp\/v2\/posts\/83109\/revisions"}],"predecessor-version":[{"id":83111,"href":"https:\/\/hablemosclarotdf.com.ar\/index.php?rest_route=\/wp\/v2\/posts\/83109\/revisions\/83111"}],"wp:featuredmedia":[{"embeddable":true,"href":"https:\/\/hablemosclarotdf.com.ar\/index.php?rest_route=\/wp\/v2\/media\/83110"}],"wp:attachment":[{"href":"https:\/\/hablemosclarotdf.com.ar\/index.php?rest_route=%2Fwp%2Fv2%2Fmedia&parent=83109"}],"wp:term":[{"taxonomy":"category","embeddable":true,"href":"https:\/\/hablemosclarotdf.com.ar\/index.php?rest_route=%2Fwp%2Fv2%2Fcategories&post=83109"},{"taxonomy":"post_tag","embeddable":true,"href":"https:\/\/hablemosclarotdf.com.ar\/index.php?rest_route=%2Fwp%2Fv2%2Ftags&post=83109"}],"curies":[{"name":"wp","href":"https:\/\/api.w.org\/{rel}","templated":true}]}}