{"id":83104,"date":"2026-09-02T09:59:44","date_gmt":"2026-09-02T12:59:44","guid":{"rendered":"https:\/\/hablemosclarotdf.com.ar\/?p=83104"},"modified":"2026-09-02T09:59:44","modified_gmt":"2026-09-02T12:59:44","slug":"rio-grande-musica-cultura-y-encuentro-el-municipio-lanzo-el-mes-de-las-juventudes","status":"publish","type":"post","link":"https:\/\/hablemosclarotdf.com.ar\/?p=83104","title":{"rendered":"RIO GRANDE : M\u00daSICA, CULTURA Y ENCUENTRO: EL MUNICIPIO LANZ\u00d3 EL MES DE LAS JUVENTUDES"},"content":{"rendered":"<p><i>La apertura se realiz\u00f3 en el marco de la Expo Acad\u00e9mica \u201cEn Carrera a mi Proyecto\u201d, que reuni\u00f3 a estudiantes de los \u00faltimos a\u00f1os del nivel secundario y permiti\u00f3 conocer las distintas alternativas de formaci\u00f3n disponibles en la ciudad. La gesti\u00f3n del intendente Mart\u00edn Perez contin\u00faa fortaleciendo las pol\u00edticas destinadas a las juventudes, generando espacios de formaci\u00f3n, encuentro y participaci\u00f3n que contribuyen a ampliar oportunidades y acompa\u00f1ar sus proyectos de vida.<\/i><\/p>\n<p>El Municipio de R\u00edo Grande inici\u00f3 el Mes de las Juventudes con una agenda de propuestas educativas, culturales, recreativas y de encuentro que se desarrollar\u00e1 durante todo septiembre. La iniciativa forma parte de una pol\u00edtica sostenida de acompa\u00f1amiento a los j\u00f3venes, con el objetivo de generar espacios donde puedan formarse, expresarse, desarrollar sus capacidades y proyectar su futuro en la ciudad.<\/p>\n<p>El lanzamiento se realiz\u00f3 este 1\u00b0 de septiembre en el marco de la Expo Acad\u00e9mica \u201cEn Carrera a mi Proyecto\u201d, una propuesta destinada a estudiantes de los \u00faltimos a\u00f1os del nivel secundario que les permiti\u00f3 conocer la oferta acad\u00e9mica y de formaci\u00f3n disponible en R\u00edo Grande y proyectar sus pr\u00f3ximos recorridos educativos y laborales.<\/p>\n<p>Al respecto, el secretario de Gesti\u00f3n Ciudadana, Gonzalo Ferro, destac\u00f3 que \u201cnuestro compromiso con los j\u00f3venes de R\u00edo Grande es construir una ciudad de oportunidades. Esa es la ciudad en la que queremos vivir\u201d.<\/p>\n<p>\u201cEn la formaci\u00f3n, la cultura, el deporte y con pol\u00edticas de salud garantizamos contenci\u00f3n y prevenci\u00f3n\u201d, sostuvo el funcionario. En ese sentido, subray\u00f3 que \u201cel Municipio abraza a las juventudes y las acompa\u00f1a en sus deseos, estimula sus capacidades y las ayuda a desarrollar sus habilidades\u201d.<\/p>\n<p>Durante el encuentro tambi\u00e9n se present\u00f3 el cronograma de actividades previsto para septiembre, que propone distintos espacios de intercambio, formaci\u00f3n, expresi\u00f3n cultural y recreaci\u00f3n.<\/p>\n<p>La agenda comenz\u00f3 este 1\u00b0 y 2 de septiembre con la Expo Acad\u00e9mica \u201cEn Carrera a mi Proyecto\u201d, que se desarrolla en el Polideportivo Alejandro \u201cGuata\u201d Navarro, de 9 a 12 y de 14 a 17 horas. El mi\u00e9rcoles 3 de septiembre, a las 18 horas, continuar\u00e1 con Catwalk Colours, en APA, ubicado en Cirilo Thomas 628. El s\u00e1bado 12, de 14 a 18 horas, se realizar\u00e1 una jornada de Break-Style en el Paseo Canto del Viento, ubicado en Fagnano 650.<\/p>\n<p>Posteriormente, el martes 15 de septiembre, se presentar\u00e1 el documental \u201cLa Soledad de los Huesos\u201d en el Espacio Tecnol\u00f3gico, Pellegrini 520, en dos turnos: de 9:30 a 11:30 y de 14 a 16 horas. En tanto, el mi\u00e9rcoles 16, a las 18 horas, se proyectar\u00e1 la pel\u00edcula \u201cLa Noche de los L\u00e1pices\u201d en el Parque de los 100 A\u00f1os. El domingo 20, a las 18 horas, ser\u00e1 el turno de la Fiesta del Estudiante, que tendr\u00e1 lugar en el patio del Museo Municipal \u201cVirginia Choquintel\u201d, ubicado en Alberdi 555.<\/p>\n<p>Finalmente, el mi\u00e9rcoles 30 de septiembre, a las 18 horas, las actividades concluir\u00e1n con \u201cJ\u00f3venes Emprendedores\u201d, en el Espacio Joven Zona Sur, ubicado en El Alambrador 204.<\/p>\n<p>De esta manera, el Municipio contin\u00faa generando espacios para que las juventudes puedan encontrarse, expresarse, formarse y desarrollar sus proyectos, fortaleciendo su participaci\u00f3n y acompa\u00f1ando sus iniciativas como protagonistas del presente y del futuro de R\u00edo Grande.<\/p>\n<p><img loading=\"lazy\" decoding=\"async\" class=\"alignnone size-medium wp-image-83106\" src=\"https:\/\/hablemosclarotdf.com.ar\/wp-content\/uploads\/2026\/09\/photo_2026-09-02_09-58-23-300x214.jpg\" alt=\"\" width=\"300\" height=\"214\" srcset=\"https:\/\/hablemosclarotdf.com.ar\/wp-content\/uploads\/2026\/09\/photo_2026-09-02_09-58-23-300x214.jpg 300w, https:\/\/hablemosclarotdf.com.ar\/wp-content\/uploads\/2026\/09\/photo_2026-09-02_09-58-23-1024x731.jpg 1024w, https:\/\/hablemosclarotdf.com.ar\/wp-content\/uploads\/2026\/09\/photo_2026-09-02_09-58-23-768x548.jpg 768w, https:\/\/hablemosclarotdf.com.ar\/wp-content\/uploads\/2026\/09\/photo_2026-09-02_09-58-23.jpg 1280w\" sizes=\"auto, (max-width: 300px) 100vw, 300px\" \/> <img loading=\"lazy\" decoding=\"async\" class=\"alignnone size-medium wp-image-83107\" src=\"https:\/\/hablemosclarotdf.com.ar\/wp-content\/uploads\/2026\/09\/photo_2026-09-02_09-58-29-300x200.jpg\" alt=\"\" width=\"300\" height=\"200\" srcset=\"https:\/\/hablemosclarotdf.com.ar\/wp-content\/uploads\/2026\/09\/photo_2026-09-02_09-58-29-300x200.jpg 300w, https:\/\/hablemosclarotdf.com.ar\/wp-content\/uploads\/2026\/09\/photo_2026-09-02_09-58-29-1024x684.jpg 1024w, https:\/\/hablemosclarotdf.com.ar\/wp-content\/uploads\/2026\/09\/photo_2026-09-02_09-58-29-768x513.jpg 768w, https:\/\/hablemosclarotdf.com.ar\/wp-content\/uploads\/2026\/09\/photo_2026-09-02_09-58-29.jpg 1280w\" sizes=\"auto, (max-width: 300px) 100vw, 300px\" \/><\/p>\n","protected":false},"excerpt":{"rendered":"<p>La apertura se realiz\u00f3 en el marco de la Expo Acad\u00e9mica \u201cEn Carrera a mi&#8230;<\/p>\n","protected":false},"author":1,"featured_media":83105,"comment_status":"closed","ping_status":"closed","sticky":false,"template":"","format":"standard","meta":{"footnotes":""},"categories":[3],"tags":[],"class_list":["post-83104","post","type-post","status-publish","format-standard","has-post-thumbnail","hentry","category-noticias"],"jetpack_featured_media_url":"https:\/\/hablemosclarotdf.com.ar\/wp-content\/uploads\/2026\/09\/photo_2026-09-02_09-58-17.jpg","_links":{"self":[{"href":"https:\/\/hablemosclarotdf.com.ar\/index.php?rest_route=\/wp\/v2\/posts\/83104","targetHints":{"allow":["GET"]}}],"collection":[{"href":"https:\/\/hablemosclarotdf.com.ar\/index.php?rest_route=\/wp\/v2\/posts"}],"about":[{"href":"https:\/\/hablemosclarotdf.com.ar\/index.php?rest_route=\/wp\/v2\/types\/post"}],"author":[{"embeddable":true,"href":"https:\/\/hablemosclarotdf.com.ar\/index.php?rest_route=\/wp\/v2\/users\/1"}],"replies":[{"embeddable":true,"href":"https:\/\/hablemosclarotdf.com.ar\/index.php?rest_route=%2Fwp%2Fv2%2Fcomments&post=83104"}],"version-history":[{"count":1,"href":"https:\/\/hablemosclarotdf.com.ar\/index.php?rest_route=\/wp\/v2\/posts\/83104\/revisions"}],"predecessor-version":[{"id":83108,"href":"https:\/\/hablemosclarotdf.com.ar\/index.php?rest_route=\/wp\/v2\/posts\/83104\/revisions\/83108"}],"wp:featuredmedia":[{"embeddable":true,"href":"https:\/\/hablemosclarotdf.com.ar\/index.php?rest_route=\/wp\/v2\/media\/83105"}],"wp:attachment":[{"href":"https:\/\/hablemosclarotdf.com.ar\/index.php?rest_route=%2Fwp%2Fv2%2Fmedia&parent=83104"}],"wp:term":[{"taxonomy":"category","embeddable":true,"href":"https:\/\/hablemosclarotdf.com.ar\/index.php?rest_route=%2Fwp%2Fv2%2Fcategories&post=83104"},{"taxonomy":"post_tag","embeddable":true,"href":"https:\/\/hablemosclarotdf.com.ar\/index.php?rest_route=%2Fwp%2Fv2%2Ftags&post=83104"}],"curies":[{"name":"wp","href":"https:\/\/api.w.org\/{rel}","templated":true}]}}