{"id":83050,"date":"2026-09-01T23:25:09","date_gmt":"2026-09-02T02:25:09","guid":{"rendered":"https:\/\/hablemosclarotdf.com.ar\/?p=83050"},"modified":"2026-09-01T23:25:09","modified_gmt":"2026-09-02T02:25:09","slug":"ushuaia-el-municipio-recibio-a-profesionales-que-presentaron-una-accion-preventiva-por-dano-ambiental-y-soberano-en-malvinas","status":"publish","type":"post","link":"https:\/\/hablemosclarotdf.com.ar\/?p=83050","title":{"rendered":"USHUAIA : EL MUNICIPIO  RECIBI\u00d3 A PROFESIONALES QUE PRESENTARON UNA ACCI\u00d3N PREVENTIVA POR DA\u00d1O AMBIENTAL Y SOBERANO EN MALVINAS"},"content":{"rendered":"<p>Autoridades del Ejecutivo de la Municipalidad de Ushuaia recibieron este martes en la Sala de Situaci\u00f3n a representantes de la Asociaci\u00f3n Civil de Abogados, Abogadas y Profesionales Ambientalistas (AAdeAA) y del Centro de Ex Combatientes Islas Malvinas La Plata (CECIM), quienes arribaron a la provincia para presentar una acci\u00f3n preventiva de da\u00f1o ambiental de incidencia colectiva vinculada al proyecto hidrocarbur\u00edfero \u201cLe\u00f3n Marino\u201d (Sea Lion).<\/p>\n<p>Del encuentro participaron el secretario de Relaciones Parlamentarias y Articulaci\u00f3n Pol\u00edtica, Omar Becerra; el secretario de Asuntos Malvinas, VGM Dante Asili; y el VGM Daniel Guzm\u00e1n.<\/p>\n<p>La acci\u00f3n judicial fue presentada ante el Juzgado Federal de R\u00edo Grande contra las empresas Rockhopper Exploration y Navitas Petroleum Development and Production Limited (NPDP), entre otras personas y entidades que pudieran resultar responsables del dise\u00f1o, construcci\u00f3n, instalaci\u00f3n y futura operaci\u00f3n del proyecto y sus eventuales ampliaciones.<\/p>\n<p>La presentaci\u00f3n plantea la necesidad de prevenir posibles da\u00f1os ambientales y, al mismo tiempo, resguardar los derechos soberanos de la Rep\u00fablica Argentina sobre los espacios mar\u00edtimos y la plataforma continental correspondientes a las Islas Malvinas y sus \u00e1reas adyacentes.<\/p>\n<p>Durante el encuentro, las autoridades municipales dialogaron con los profesionales sobre los fundamentos de la presentaci\u00f3n y la importancia de abordar de manera conjunta las dimensiones ambiental y soberana vinculadas con la explotaci\u00f3n de recursos naturales en el Atl\u00e1ntico Sur.<\/p>\n<p>Por la Asociaci\u00f3n Civil de Abogados, Abogadas y Profesionales Ambientalistas participaron su presidente, Enrique Viale, y su director ejecutivo, Lucas Micheoud, ambos especialistas en Derecho Ambiental. En representaci\u00f3n del CECIM La Plata estuvo presente el abogado y mag\u00edster en Derechos Humanos Jer\u00f3nimo Guerrero Iraola, integrante del equipo jur\u00eddico de la instituci\u00f3n.<\/p>\n<p>La acci\u00f3n advierte sobre los potenciales impactos ambientales asociados al proyecto \u201cLe\u00f3n Marino\u201d y solicita medidas preventivas destinadas a evitar el inicio o continuidad de trabajos vinculados con el proyecto hasta tanto se determine el cumplimiento de las obligaciones ambientales y legales correspondientes.<\/p>\n<p><img loading=\"lazy\" decoding=\"async\" class=\"alignnone size-medium wp-image-83052\" src=\"https:\/\/hablemosclarotdf.com.ar\/wp-content\/uploads\/2026\/09\/photo_2026-09-01_23-23-41-300x225.jpg\" alt=\"\" width=\"300\" height=\"225\" srcset=\"https:\/\/hablemosclarotdf.com.ar\/wp-content\/uploads\/2026\/09\/photo_2026-09-01_23-23-41-300x225.jpg 300w, https:\/\/hablemosclarotdf.com.ar\/wp-content\/uploads\/2026\/09\/photo_2026-09-01_23-23-41-1024x768.jpg 1024w, https:\/\/hablemosclarotdf.com.ar\/wp-content\/uploads\/2026\/09\/photo_2026-09-01_23-23-41-768x576.jpg 768w, https:\/\/hablemosclarotdf.com.ar\/wp-content\/uploads\/2026\/09\/photo_2026-09-01_23-23-41.jpg 1280w\" sizes=\"auto, (max-width: 300px) 100vw, 300px\" \/> <img loading=\"lazy\" decoding=\"async\" class=\"alignnone size-medium wp-image-83053\" src=\"https:\/\/hablemosclarotdf.com.ar\/wp-content\/uploads\/2026\/09\/photo_2026-09-01_23-23-46-300x225.jpg\" alt=\"\" width=\"300\" height=\"225\" srcset=\"https:\/\/hablemosclarotdf.com.ar\/wp-content\/uploads\/2026\/09\/photo_2026-09-01_23-23-46-300x225.jpg 300w, https:\/\/hablemosclarotdf.com.ar\/wp-content\/uploads\/2026\/09\/photo_2026-09-01_23-23-46-1024x768.jpg 1024w, https:\/\/hablemosclarotdf.com.ar\/wp-content\/uploads\/2026\/09\/photo_2026-09-01_23-23-46-768x576.jpg 768w, https:\/\/hablemosclarotdf.com.ar\/wp-content\/uploads\/2026\/09\/photo_2026-09-01_23-23-46.jpg 1280w\" sizes=\"auto, (max-width: 300px) 100vw, 300px\" \/><\/p>\n","protected":false},"excerpt":{"rendered":"<p>Autoridades del Ejecutivo de la Municipalidad de Ushuaia recibieron este martes en la Sala de&#8230;<\/p>\n","protected":false},"author":1,"featured_media":83051,"comment_status":"closed","ping_status":"closed","sticky":false,"template":"","format":"standard","meta":{"footnotes":""},"categories":[3],"tags":[],"class_list":["post-83050","post","type-post","status-publish","format-standard","has-post-thumbnail","hentry","category-noticias"],"jetpack_featured_media_url":"https:\/\/hablemosclarotdf.com.ar\/wp-content\/uploads\/2026\/09\/photo_2026-09-01_23-23-35.jpg","_links":{"self":[{"href":"https:\/\/hablemosclarotdf.com.ar\/index.php?rest_route=\/wp\/v2\/posts\/83050","targetHints":{"allow":["GET"]}}],"collection":[{"href":"https:\/\/hablemosclarotdf.com.ar\/index.php?rest_route=\/wp\/v2\/posts"}],"about":[{"href":"https:\/\/hablemosclarotdf.com.ar\/index.php?rest_route=\/wp\/v2\/types\/post"}],"author":[{"embeddable":true,"href":"https:\/\/hablemosclarotdf.com.ar\/index.php?rest_route=\/wp\/v2\/users\/1"}],"replies":[{"embeddable":true,"href":"https:\/\/hablemosclarotdf.com.ar\/index.php?rest_route=%2Fwp%2Fv2%2Fcomments&post=83050"}],"version-history":[{"count":1,"href":"https:\/\/hablemosclarotdf.com.ar\/index.php?rest_route=\/wp\/v2\/posts\/83050\/revisions"}],"predecessor-version":[{"id":83054,"href":"https:\/\/hablemosclarotdf.com.ar\/index.php?rest_route=\/wp\/v2\/posts\/83050\/revisions\/83054"}],"wp:featuredmedia":[{"embeddable":true,"href":"https:\/\/hablemosclarotdf.com.ar\/index.php?rest_route=\/wp\/v2\/media\/83051"}],"wp:attachment":[{"href":"https:\/\/hablemosclarotdf.com.ar\/index.php?rest_route=%2Fwp%2Fv2%2Fmedia&parent=83050"}],"wp:term":[{"taxonomy":"category","embeddable":true,"href":"https:\/\/hablemosclarotdf.com.ar\/index.php?rest_route=%2Fwp%2Fv2%2Fcategories&post=83050"},{"taxonomy":"post_tag","embeddable":true,"href":"https:\/\/hablemosclarotdf.com.ar\/index.php?rest_route=%2Fwp%2Fv2%2Ftags&post=83050"}],"curies":[{"name":"wp","href":"https:\/\/api.w.org\/{rel}","templated":true}]}}