{"id":83047,"date":"2026-09-01T23:19:10","date_gmt":"2026-09-02T02:19:10","guid":{"rendered":"https:\/\/hablemosclarotdf.com.ar\/?p=83047"},"modified":"2026-09-01T23:19:10","modified_gmt":"2026-09-02T02:19:10","slug":"corte-de-energia-en-un-sector-de-ushuaia-6","status":"publish","type":"post","link":"https:\/\/hablemosclarotdf.com.ar\/?p=83047","title":{"rendered":"CORTE DE ENERG\u00cdA EN UN SECTOR DE USHUAIA"},"content":{"rendered":"<p>La Direcci\u00f3n Provincial de Energ\u00eda informa a la comunidad que debido a un inconveniente detectado en un estribo de una columna de media tensi\u00f3n ubicada sobre la calle Per\u00f3n, ser\u00e1 necesario realizar la apertura del Alimentador N\u00b0 9 para llevar adelante las tareas de reparaci\u00f3n correspondientes.<\/p>\n<p>La interrupci\u00f3n del suministro ser\u00e1 aproximadamente a partir de las 19.30hs y tendr\u00e1 en primera instancia, una duraci\u00f3n estimada de dos horas, sujeta a la evoluci\u00f3n de los trabajos.<\/p>\n<p>Zonas afectadas:<\/p>\n<p>\u25cf Barrio Los Fueguinos.<br \/>\n\u25cf Barrio Latinoamericano.<br \/>\n\u25cf Barrio Buena Esperanza.<br \/>\n\u25cf Barrio San Salvador.<br \/>\n\u25cf Zonas aleda\u00f1as.<\/p>\n<p>Sepan disculpar las molestias ocasionadas.<\/p>\n","protected":false},"excerpt":{"rendered":"<p>La Direcci\u00f3n Provincial de Energ\u00eda informa a la comunidad que debido a un inconveniente detectado&#8230;<\/p>\n","protected":false},"author":1,"featured_media":83048,"comment_status":"closed","ping_status":"closed","sticky":false,"template":"","format":"standard","meta":{"footnotes":""},"categories":[3],"tags":[],"class_list":["post-83047","post","type-post","status-publish","format-standard","has-post-thumbnail","hentry","category-noticias"],"jetpack_featured_media_url":"https:\/\/hablemosclarotdf.com.ar\/wp-content\/uploads\/2026\/09\/photo_2026-09-01_23-18-33.jpg","_links":{"self":[{"href":"https:\/\/hablemosclarotdf.com.ar\/index.php?rest_route=\/wp\/v2\/posts\/83047","targetHints":{"allow":["GET"]}}],"collection":[{"href":"https:\/\/hablemosclarotdf.com.ar\/index.php?rest_route=\/wp\/v2\/posts"}],"about":[{"href":"https:\/\/hablemosclarotdf.com.ar\/index.php?rest_route=\/wp\/v2\/types\/post"}],"author":[{"embeddable":true,"href":"https:\/\/hablemosclarotdf.com.ar\/index.php?rest_route=\/wp\/v2\/users\/1"}],"replies":[{"embeddable":true,"href":"https:\/\/hablemosclarotdf.com.ar\/index.php?rest_route=%2Fwp%2Fv2%2Fcomments&post=83047"}],"version-history":[{"count":1,"href":"https:\/\/hablemosclarotdf.com.ar\/index.php?rest_route=\/wp\/v2\/posts\/83047\/revisions"}],"predecessor-version":[{"id":83049,"href":"https:\/\/hablemosclarotdf.com.ar\/index.php?rest_route=\/wp\/v2\/posts\/83047\/revisions\/83049"}],"wp:featuredmedia":[{"embeddable":true,"href":"https:\/\/hablemosclarotdf.com.ar\/index.php?rest_route=\/wp\/v2\/media\/83048"}],"wp:attachment":[{"href":"https:\/\/hablemosclarotdf.com.ar\/index.php?rest_route=%2Fwp%2Fv2%2Fmedia&parent=83047"}],"wp:term":[{"taxonomy":"category","embeddable":true,"href":"https:\/\/hablemosclarotdf.com.ar\/index.php?rest_route=%2Fwp%2Fv2%2Fcategories&post=83047"},{"taxonomy":"post_tag","embeddable":true,"href":"https:\/\/hablemosclarotdf.com.ar\/index.php?rest_route=%2Fwp%2Fv2%2Ftags&post=83047"}],"curies":[{"name":"wp","href":"https:\/\/api.w.org\/{rel}","templated":true}]}}