{"id":83044,"date":"2026-09-01T16:48:22","date_gmt":"2026-09-01T19:48:22","guid":{"rendered":"https:\/\/hablemosclarotdf.com.ar\/?p=83044"},"modified":"2026-09-01T16:48:22","modified_gmt":"2026-09-01T19:48:22","slug":"ushuaia-la-municipalidad-realizara-la-noche-de-danzas-del-mundo-este-jueves-3-en-la-casa-de-la-cultu","status":"publish","type":"post","link":"https:\/\/hablemosclarotdf.com.ar\/?p=83044","title":{"rendered":"USHUAIA :  LA MUNICIPALIDAD  REALIZAR\u00c1 LA \u201cNOCHE DE DANZAS DEL MUNDO\u201d ESTE JUEVES 3 EN LA CASA DE LA CULTU"},"content":{"rendered":"<p>La propuesta comenzar\u00e1 a las 20:30 horas<\/p>\n<p>La Municipalidad de Ushuaia, a trav\u00e9s de la Secretar\u00eda de Pol\u00edticas Ambientales, Culturales y Educativas, realizar\u00e1 este jueves 3 de septiembre a las 20:30 horas la \u201cNoche de Danzas del Mundo\u201d en la Sala Nin\u00ed Marshall de la Casa de la Cultura Enriqueta Gastelumendi.<\/p>\n<p>La actividad, que se da en el marco del Mes del Inmigrante y la XXIV Edici\u00f3n de la Fiesta de las Colectividades, se impulsa en articulaci\u00f3n con la Asociaci\u00f3n de Colectividades Extranjeras de Ushuaia (ACEDU) y exhibir\u00e1 diversos cuadros de danza con vestimentas t\u00edpicas de las colectividades y contar\u00e1 con un bono contribuci\u00f3n de $ 2.000. La Fiesta de las Colectividades continuar\u00e1 los d\u00edas viernes 4 y s\u00e1bado 5 en el Microestadio Jos\u00e9 \u201cCochocho\u201d Vargas, donde 21 colectividades presentar\u00e1n espect\u00e1culos y los tradicionales stands de comidas regionales.<\/p>\n<p>David Ferreyra, secretario de Pol\u00edticas Ambientales, Culturales y Educativas, subray\u00f3 que \u201cestamos muy contentos de dar inicio a esta nueva Fiesta de las Colectividades, un festejo popular que resalta la multiculturalidad que est\u00e1 presente en nuestra ciudad y conforma parte fundamental de su identidad\u201d.<\/p>\n<p>En esa misma l\u00ednea Ana Mar\u00eda Manzur, presidenta de la Asociaci\u00f3n de Colectividades Extranjeras de Ushuaia, remarc\u00f3 que \u201cinvitamos a todos los vecinos y vecinas a participar de esta nueva Noche de Danzas del Mundo, donde adem\u00e1s estaremos eligiendo a las y los embajadores de las Colectividades con un jurado de referentes culturales y autoridades municipales para que nos representen durante este a\u00f1o\u201d.<\/p>\n<p>Para conocer m\u00e1s sobre el cronograma de actividades de la XXIV Edici\u00f3n de la Fiesta de las Colectividades, las y los interesados podr\u00e1n visitar las redes sociales de la Secretar\u00eda de Pol\u00edticas Ambientales, Culturales y Educativas en @AmbienteCulturaEducacion.Ush.<\/p>\n","protected":false},"excerpt":{"rendered":"<p>La propuesta comenzar\u00e1 a las 20:30 horas La Municipalidad de Ushuaia, a trav\u00e9s de la&#8230;<\/p>\n","protected":false},"author":1,"featured_media":83045,"comment_status":"closed","ping_status":"closed","sticky":false,"template":"","format":"standard","meta":{"footnotes":""},"categories":[3],"tags":[],"class_list":["post-83044","post","type-post","status-publish","format-standard","has-post-thumbnail","hentry","category-noticias"],"jetpack_featured_media_url":"https:\/\/hablemosclarotdf.com.ar\/wp-content\/uploads\/2026\/09\/photo_2026-09-01_16-47-40.jpg","_links":{"self":[{"href":"https:\/\/hablemosclarotdf.com.ar\/index.php?rest_route=\/wp\/v2\/posts\/83044","targetHints":{"allow":["GET"]}}],"collection":[{"href":"https:\/\/hablemosclarotdf.com.ar\/index.php?rest_route=\/wp\/v2\/posts"}],"about":[{"href":"https:\/\/hablemosclarotdf.com.ar\/index.php?rest_route=\/wp\/v2\/types\/post"}],"author":[{"embeddable":true,"href":"https:\/\/hablemosclarotdf.com.ar\/index.php?rest_route=\/wp\/v2\/users\/1"}],"replies":[{"embeddable":true,"href":"https:\/\/hablemosclarotdf.com.ar\/index.php?rest_route=%2Fwp%2Fv2%2Fcomments&post=83044"}],"version-history":[{"count":1,"href":"https:\/\/hablemosclarotdf.com.ar\/index.php?rest_route=\/wp\/v2\/posts\/83044\/revisions"}],"predecessor-version":[{"id":83046,"href":"https:\/\/hablemosclarotdf.com.ar\/index.php?rest_route=\/wp\/v2\/posts\/83044\/revisions\/83046"}],"wp:featuredmedia":[{"embeddable":true,"href":"https:\/\/hablemosclarotdf.com.ar\/index.php?rest_route=\/wp\/v2\/media\/83045"}],"wp:attachment":[{"href":"https:\/\/hablemosclarotdf.com.ar\/index.php?rest_route=%2Fwp%2Fv2%2Fmedia&parent=83044"}],"wp:term":[{"taxonomy":"category","embeddable":true,"href":"https:\/\/hablemosclarotdf.com.ar\/index.php?rest_route=%2Fwp%2Fv2%2Fcategories&post=83044"},{"taxonomy":"post_tag","embeddable":true,"href":"https:\/\/hablemosclarotdf.com.ar\/index.php?rest_route=%2Fwp%2Fv2%2Ftags&post=83044"}],"curies":[{"name":"wp","href":"https:\/\/api.w.org\/{rel}","templated":true}]}}