{"id":83041,"date":"2026-09-01T16:42:41","date_gmt":"2026-09-01T19:42:41","guid":{"rendered":"https:\/\/hablemosclarotdf.com.ar\/?p=83041"},"modified":"2026-09-01T16:42:41","modified_gmt":"2026-09-01T19:42:41","slug":"ushuaia-la-municipalidad-presentara-el-conversatorio-vestigios-en-la-antigua-casa-beban","status":"publish","type":"post","link":"https:\/\/hablemosclarotdf.com.ar\/?p=83041","title":{"rendered":"USHUAIA : LA MUNICIPALIDAD  PRESENTAR\u00c1 EL CONVERSATORIO \u201cVESTIGIOS\u201d EN LA ANTIGUA CASA BEBAN"},"content":{"rendered":"<p>La Secretar\u00eda de Pol\u00edticas Ambientales, Culturales y Educativas de la Municipalidad de Ushuaia llevar\u00e1 adelante el conversatorio \u201cVestigios\u201d, este jueves 3 de septiembre a las 18:00 horas en la Antigua Casa Beban, junto a Fresca.<\/p>\n<p>La propuesta contar\u00e1 con la participaci\u00f3n de las y los artistas que integran la muestra fotogr\u00e1fica hom\u00f3nima: Gisela Gomila, Renzo David Luna Chima, Jaqueline Kisteniuk, Abel Sberna y Leonela Celeste Ocampo.<\/p>\n<p>Durante el encuentro, las y los artistas compartir\u00e1n sus experiencias y reflexiones en torno al trabajo presentado en la exhibici\u00f3n, abordando el rol de las im\u00e1genes como una forma particular de detenerse frente a aquello que persiste.<\/p>\n<p>La muestra \u201cVestigios\u201d podr\u00e1 visitarse hasta el viernes 4 de septiembre, de lunes a viernes de 10:00 a 17:00 horas, en la Antigua Casa Beban.<\/p>\n<p>El secretario de Pol\u00edticas Ambientales, Culturales y Educativas, David Ferreyra, destac\u00f3 que \u201cdesde la gesti\u00f3n municipal seguimos acompa\u00f1ando estas iniciativas que muestran el gran talento de nuestras y nuestros artistas fueguinos, poniendo a disposici\u00f3n los espacios culturales con los que cuenta la Municipalidad\u201d.<\/p>\n<p>Para conocer m\u00e1s sobre la muestra \u201cVestigios\u201d y el conversatorio, las y los interesados pueden consultar las redes sociales de Fresca, @fresca.ciclo, y de la Secretar\u00eda de Pol\u00edticas Ambientales, Culturales y Educativas, @AmbienteCulturaEducacion.Ush.<\/p>\n","protected":false},"excerpt":{"rendered":"<p>La Secretar\u00eda de Pol\u00edticas Ambientales, Culturales y Educativas de la Municipalidad de Ushuaia llevar\u00e1 adelante&#8230;<\/p>\n","protected":false},"author":1,"featured_media":83042,"comment_status":"closed","ping_status":"closed","sticky":false,"template":"","format":"standard","meta":{"footnotes":""},"categories":[3],"tags":[],"class_list":["post-83041","post","type-post","status-publish","format-standard","has-post-thumbnail","hentry","category-noticias"],"jetpack_featured_media_url":"https:\/\/hablemosclarotdf.com.ar\/wp-content\/uploads\/2026\/09\/photo_2026-09-01_16-42-04.jpg","_links":{"self":[{"href":"https:\/\/hablemosclarotdf.com.ar\/index.php?rest_route=\/wp\/v2\/posts\/83041","targetHints":{"allow":["GET"]}}],"collection":[{"href":"https:\/\/hablemosclarotdf.com.ar\/index.php?rest_route=\/wp\/v2\/posts"}],"about":[{"href":"https:\/\/hablemosclarotdf.com.ar\/index.php?rest_route=\/wp\/v2\/types\/post"}],"author":[{"embeddable":true,"href":"https:\/\/hablemosclarotdf.com.ar\/index.php?rest_route=\/wp\/v2\/users\/1"}],"replies":[{"embeddable":true,"href":"https:\/\/hablemosclarotdf.com.ar\/index.php?rest_route=%2Fwp%2Fv2%2Fcomments&post=83041"}],"version-history":[{"count":1,"href":"https:\/\/hablemosclarotdf.com.ar\/index.php?rest_route=\/wp\/v2\/posts\/83041\/revisions"}],"predecessor-version":[{"id":83043,"href":"https:\/\/hablemosclarotdf.com.ar\/index.php?rest_route=\/wp\/v2\/posts\/83041\/revisions\/83043"}],"wp:featuredmedia":[{"embeddable":true,"href":"https:\/\/hablemosclarotdf.com.ar\/index.php?rest_route=\/wp\/v2\/media\/83042"}],"wp:attachment":[{"href":"https:\/\/hablemosclarotdf.com.ar\/index.php?rest_route=%2Fwp%2Fv2%2Fmedia&parent=83041"}],"wp:term":[{"taxonomy":"category","embeddable":true,"href":"https:\/\/hablemosclarotdf.com.ar\/index.php?rest_route=%2Fwp%2Fv2%2Fcategories&post=83041"},{"taxonomy":"post_tag","embeddable":true,"href":"https:\/\/hablemosclarotdf.com.ar\/index.php?rest_route=%2Fwp%2Fv2%2Ftags&post=83041"}],"curies":[{"name":"wp","href":"https:\/\/api.w.org\/{rel}","templated":true}]}}