{"id":83037,"date":"2026-09-01T16:40:13","date_gmt":"2026-09-01T19:40:13","guid":{"rendered":"https:\/\/hablemosclarotdf.com.ar\/?p=83037"},"modified":"2026-09-01T16:40:13","modified_gmt":"2026-09-01T19:40:13","slug":"ushuaia-vuoto-recibio-a-pilotos-de-ushuaia-que-participaron-del-gran-premio-de-la-hermandad","status":"publish","type":"post","link":"https:\/\/hablemosclarotdf.com.ar\/?p=83037","title":{"rendered":"USHUAIA : VUOTO RECIBI\u00d3 A PILOTOS DE USHUAIA QUE PARTICIPARON DEL GRAN PREMIO DE LA HERMANDAD"},"content":{"rendered":"<p>El intendente Walter Vuoto recibi\u00f3 a los pilotos de la ciudad que participaron de la 51\u00aa edici\u00f3n del Gran Premio de la Hermandad, destacando los resultados obtenidos y el compromiso de quienes representaron a Ushuaia en una de las competencias automovil\u00edsticas m\u00e1s importantes de la regi\u00f3n.<\/p>\n<p>Del encuentro participaron el intendente Walter Vuoto y la concejala Anal\u00eda Escalante, junto a Lucas Garro y Marcelo Garro, ganadores de la Categor\u00eda G y de la clasificaci\u00f3n general; Constante Moreno Preto y Gustavo De Robles, ganadores de la Categor\u00eda A; y Constanza Bronzini, quienes obtuvieron el tercer puesto en la Categor\u00eda A.<\/p>\n<p>Durante la reuni\u00f3n tambi\u00e9n se abord\u00f3 la posibilidad de recuperar una fecha del Gran Premio de la Hermandad en Ushuaia, a partir de un trabajo conjunto con la comisi\u00f3n de APITUR, con el objetivo de volver a posicionar a la ciudad como escenario de actividades vinculadas al automovilismo y al rally.<\/p>\n<p>Constanza Bronzini, quien particip\u00f3 en la Categor\u00eda A y finaliz\u00f3 en el tercer lugar, destac\u00f3 el encuentro y agradeci\u00f3 el reconocimiento recibido.<\/p>\n<p>\u201cFue una reuni\u00f3n muy linda, nos sentimos muy agradecidos y esperamos poder concretar una nueva fecha ac\u00e1 en Ushuaia y recuperar un poco el rally en la ciudad\u201d, expres\u00f3.<\/p>\n<p>Desde el Municipio se destac\u00f3 el desempe\u00f1o de los representantes de Ushuaia y se plante\u00f3 la importancia de continuar acompa\u00f1ando iniciativas que permitan fortalecer la presencia de la ciudad en el calendario automovil\u00edstico y recuperar eventos deportivos de alcance regional.<\/p>\n<p><img loading=\"lazy\" decoding=\"async\" class=\"alignnone size-medium wp-image-83039\" src=\"https:\/\/hablemosclarotdf.com.ar\/wp-content\/uploads\/2026\/09\/photo_2026-09-01_16-39-08-300x200.jpg\" alt=\"\" width=\"300\" height=\"200\" srcset=\"https:\/\/hablemosclarotdf.com.ar\/wp-content\/uploads\/2026\/09\/photo_2026-09-01_16-39-08-300x200.jpg 300w, https:\/\/hablemosclarotdf.com.ar\/wp-content\/uploads\/2026\/09\/photo_2026-09-01_16-39-08-1024x683.jpg 1024w, https:\/\/hablemosclarotdf.com.ar\/wp-content\/uploads\/2026\/09\/photo_2026-09-01_16-39-08-768x512.jpg 768w, https:\/\/hablemosclarotdf.com.ar\/wp-content\/uploads\/2026\/09\/photo_2026-09-01_16-39-08.jpg 1280w\" sizes=\"auto, (max-width: 300px) 100vw, 300px\" \/><\/p>\n","protected":false},"excerpt":{"rendered":"<p>El intendente Walter Vuoto recibi\u00f3 a los pilotos de la ciudad que participaron de la&#8230;<\/p>\n","protected":false},"author":1,"featured_media":83038,"comment_status":"closed","ping_status":"closed","sticky":false,"template":"","format":"standard","meta":{"footnotes":""},"categories":[3],"tags":[],"class_list":["post-83037","post","type-post","status-publish","format-standard","has-post-thumbnail","hentry","category-noticias"],"jetpack_featured_media_url":"https:\/\/hablemosclarotdf.com.ar\/wp-content\/uploads\/2026\/09\/photo_2026-09-01_16-39-02.jpg","_links":{"self":[{"href":"https:\/\/hablemosclarotdf.com.ar\/index.php?rest_route=\/wp\/v2\/posts\/83037","targetHints":{"allow":["GET"]}}],"collection":[{"href":"https:\/\/hablemosclarotdf.com.ar\/index.php?rest_route=\/wp\/v2\/posts"}],"about":[{"href":"https:\/\/hablemosclarotdf.com.ar\/index.php?rest_route=\/wp\/v2\/types\/post"}],"author":[{"embeddable":true,"href":"https:\/\/hablemosclarotdf.com.ar\/index.php?rest_route=\/wp\/v2\/users\/1"}],"replies":[{"embeddable":true,"href":"https:\/\/hablemosclarotdf.com.ar\/index.php?rest_route=%2Fwp%2Fv2%2Fcomments&post=83037"}],"version-history":[{"count":1,"href":"https:\/\/hablemosclarotdf.com.ar\/index.php?rest_route=\/wp\/v2\/posts\/83037\/revisions"}],"predecessor-version":[{"id":83040,"href":"https:\/\/hablemosclarotdf.com.ar\/index.php?rest_route=\/wp\/v2\/posts\/83037\/revisions\/83040"}],"wp:featuredmedia":[{"embeddable":true,"href":"https:\/\/hablemosclarotdf.com.ar\/index.php?rest_route=\/wp\/v2\/media\/83038"}],"wp:attachment":[{"href":"https:\/\/hablemosclarotdf.com.ar\/index.php?rest_route=%2Fwp%2Fv2%2Fmedia&parent=83037"}],"wp:term":[{"taxonomy":"category","embeddable":true,"href":"https:\/\/hablemosclarotdf.com.ar\/index.php?rest_route=%2Fwp%2Fv2%2Fcategories&post=83037"},{"taxonomy":"post_tag","embeddable":true,"href":"https:\/\/hablemosclarotdf.com.ar\/index.php?rest_route=%2Fwp%2Fv2%2Ftags&post=83037"}],"curies":[{"name":"wp","href":"https:\/\/api.w.org\/{rel}","templated":true}]}}