{"id":83034,"date":"2026-09-01T16:05:15","date_gmt":"2026-09-01T19:05:15","guid":{"rendered":"https:\/\/hablemosclarotdf.com.ar\/?p=83034"},"modified":"2026-09-01T16:05:15","modified_gmt":"2026-09-01T19:05:15","slug":"el-colegio-tecnico-provincial-antonio-martin-marte-retoma-las-clases-manana-miercoles","status":"publish","type":"post","link":"https:\/\/hablemosclarotdf.com.ar\/?p=83034","title":{"rendered":"EL COLEGIO T\u00c9CNICO PROVINCIAL &#8220;ANTONIO MART\u00cdN MARTE&#8221; RETOMA LAS CLASES MA\u00d1ANA MI\u00c9RCOLES"},"content":{"rendered":"<p>El Ministerio de Educaci\u00f3n de la Provincia informa que ma\u00f1ana mi\u00e9rcoles 2 de septiembre se retoman las clases con normalidad en el Colegio T\u00e9cnico Provincial Antonio Mart\u00edn Marte, luego de finalizar las tareas de mantenimiento y puesta a punto de las instalaciones de gas del establecimiento.<\/p>\n<p>Las tareas incluyeron la reparaci\u00f3n y mantenimiento de tubos radiantes y calderas, el cambio de artefactos de cocina y todas las intervenciones necesarias para adecuar la instalaci\u00f3n de gas a los requerimientos del ente regulador.<\/p>\n<p>Una vez concluidas estas tareas, el edificio qued\u00f3 habilitado por parte de Camuzzi Gas del Sur para recibir a la comunidad educativa, garantizando las condiciones necesarias para el normal desarrollo de las actividades escolares.<\/p>\n<p>Desde el Ministerio de Educaci\u00f3n se realiz\u00f3 el seguimiento de todo el proceso, priorizando las condiciones de seguridad del establecimiento y acompa\u00f1ando las intervenciones requeridas para garantizar el normal funcionamiento del edificio.<\/p>\n","protected":false},"excerpt":{"rendered":"<p>El Ministerio de Educaci\u00f3n de la Provincia informa que ma\u00f1ana mi\u00e9rcoles 2 de septiembre se&#8230;<\/p>\n","protected":false},"author":1,"featured_media":83035,"comment_status":"closed","ping_status":"closed","sticky":false,"template":"","format":"standard","meta":{"footnotes":""},"categories":[3],"tags":[],"class_list":["post-83034","post","type-post","status-publish","format-standard","has-post-thumbnail","hentry","category-noticias"],"jetpack_featured_media_url":"https:\/\/hablemosclarotdf.com.ar\/wp-content\/uploads\/2026\/09\/photo_2026-09-01_16-04-15.jpg","_links":{"self":[{"href":"https:\/\/hablemosclarotdf.com.ar\/index.php?rest_route=\/wp\/v2\/posts\/83034","targetHints":{"allow":["GET"]}}],"collection":[{"href":"https:\/\/hablemosclarotdf.com.ar\/index.php?rest_route=\/wp\/v2\/posts"}],"about":[{"href":"https:\/\/hablemosclarotdf.com.ar\/index.php?rest_route=\/wp\/v2\/types\/post"}],"author":[{"embeddable":true,"href":"https:\/\/hablemosclarotdf.com.ar\/index.php?rest_route=\/wp\/v2\/users\/1"}],"replies":[{"embeddable":true,"href":"https:\/\/hablemosclarotdf.com.ar\/index.php?rest_route=%2Fwp%2Fv2%2Fcomments&post=83034"}],"version-history":[{"count":1,"href":"https:\/\/hablemosclarotdf.com.ar\/index.php?rest_route=\/wp\/v2\/posts\/83034\/revisions"}],"predecessor-version":[{"id":83036,"href":"https:\/\/hablemosclarotdf.com.ar\/index.php?rest_route=\/wp\/v2\/posts\/83034\/revisions\/83036"}],"wp:featuredmedia":[{"embeddable":true,"href":"https:\/\/hablemosclarotdf.com.ar\/index.php?rest_route=\/wp\/v2\/media\/83035"}],"wp:attachment":[{"href":"https:\/\/hablemosclarotdf.com.ar\/index.php?rest_route=%2Fwp%2Fv2%2Fmedia&parent=83034"}],"wp:term":[{"taxonomy":"category","embeddable":true,"href":"https:\/\/hablemosclarotdf.com.ar\/index.php?rest_route=%2Fwp%2Fv2%2Fcategories&post=83034"},{"taxonomy":"post_tag","embeddable":true,"href":"https:\/\/hablemosclarotdf.com.ar\/index.php?rest_route=%2Fwp%2Fv2%2Ftags&post=83034"}],"curies":[{"name":"wp","href":"https:\/\/api.w.org\/{rel}","templated":true}]}}