{"id":83030,"date":"2026-09-01T16:02:59","date_gmt":"2026-09-01T19:02:59","guid":{"rendered":"https:\/\/hablemosclarotdf.com.ar\/?p=83030"},"modified":"2026-09-01T16:02:59","modified_gmt":"2026-09-01T19:02:59","slug":"casa-de-tierra-del-fuego-celebra-los-75-anos-del-instituto-antartico-argentino","status":"publish","type":"post","link":"https:\/\/hablemosclarotdf.com.ar\/?p=83030","title":{"rendered":"CASA DE TIERRA DEL FUEGO CELEBRA LOS 75 A\u00d1OS DEL INSTITUTO ANT\u00c1RTICO ARGENTINO"},"content":{"rendered":"<p>La propuesta incluye muestras de arte, charlas, paneles, actividades educativas y un concierto de gala. Las actividades se desarrollan hasta el 4 de septiembre en la sede de la Casa de la provincia en la Ciudad de Buenos Aires.<\/p>\n<p>La Casa de Tierra del Fuego comenz\u00f3 una serie de actividades para conmemorar los 75 a\u00f1os de trayectoria ininterrumpida del Instituto Ant\u00e1rtico Argentino (IAA), con una programaci\u00f3n destinada a acercar a la comunidad distintos aspectos vinculados con la ciencia, la educaci\u00f3n, el arte, la geopol\u00edtica y la presencia argentina en el Continente Blanco.<\/p>\n<p>En este marco, junto a la Galer\u00eda Torres Barthe y el Instituto Ant\u00e1rtico Argentino, se desarrollan las Jornadas Ant\u00e1rticas, que tienen lugar hasta el viernes 4 de septiembre en la Casa de Tierra del Fuego, ubicada en Sarmiento 731, Ciudad Aut\u00f3noma de Buenos Aires.<\/p>\n<p>La iniciativa cuenta con una muestra art\u00edstica y cient\u00edfica y un programa de actividades que incluye charlas con investigadores, paneles tem\u00e1ticos, propuestas para docentes y ni\u00f1os, una proyecci\u00f3n documental y un encuentro con expedicionarios.<\/p>\n<p>Entre las actividades previstas se encuentra la charla \u201cVivir y estudiar en la Ant\u00e1rtida: 75 a\u00f1os de vocaci\u00f3n cient\u00edfica\u201d, con investigadores del IAA; el panel para docentes \u201cPedagog\u00eda de la Causa Ant\u00e1rtica\u201d; y el panel \u201cCiencia Argentina en el Hielo: Proyectos Espec\u00edficos del IAA\u201d, dedicado a investigaciones en biolog\u00eda, glaciolog\u00eda y medio ambiente.<\/p>\n<p>La agenda tambi\u00e9n contempla un panel sobre \u201cGeopol\u00edtica, Tratado Ant\u00e1rtico y la Soberan\u00eda Nacional\u201d, seguido de la proyecci\u00f3n de un documental ant\u00e1rtico por el 75\u00b0 aniversario del Instituto y una charla-debate con expedicionarios.<\/p>\n<p>Para el p\u00fablico infantil se realizar\u00e1 el taller \u201cPintando el Continente Blanco\u201d, una propuesta de la Galer\u00eda Torres Barthe y el IAA.<\/p>\n<p>El cierre de las Jornadas ser\u00e1 el viernes 4 de septiembre a las 17 horas, con un Gran Concierto de Gala del Ensamble de la Fuerza A\u00e9rea Argentina y la entrega de reconocimientos institucionales por el 75\u00b0 aniversario del Instituto Ant\u00e1rtico Argentino.<\/p>\n<p>Las actividades son abiertas al p\u00fablico y se desarrollan de 10 a 18 horas en la Casa de Tierra del Fuego.<\/p>\n<p><img loading=\"lazy\" decoding=\"async\" class=\"alignnone size-medium wp-image-83032\" src=\"https:\/\/hablemosclarotdf.com.ar\/wp-content\/uploads\/2026\/09\/photo_2026-09-01_16-02-02-300x200.jpg\" alt=\"\" width=\"300\" height=\"200\" srcset=\"https:\/\/hablemosclarotdf.com.ar\/wp-content\/uploads\/2026\/09\/photo_2026-09-01_16-02-02-300x200.jpg 300w, https:\/\/hablemosclarotdf.com.ar\/wp-content\/uploads\/2026\/09\/photo_2026-09-01_16-02-02-1024x682.jpg 1024w, https:\/\/hablemosclarotdf.com.ar\/wp-content\/uploads\/2026\/09\/photo_2026-09-01_16-02-02-768x511.jpg 768w, https:\/\/hablemosclarotdf.com.ar\/wp-content\/uploads\/2026\/09\/photo_2026-09-01_16-02-02.jpg 1280w\" sizes=\"auto, (max-width: 300px) 100vw, 300px\" \/><\/p>\n","protected":false},"excerpt":{"rendered":"<p>La propuesta incluye muestras de arte, charlas, paneles, actividades educativas y un concierto de gala&#8230;.<\/p>\n","protected":false},"author":1,"featured_media":83031,"comment_status":"closed","ping_status":"closed","sticky":false,"template":"","format":"standard","meta":{"footnotes":""},"categories":[3],"tags":[],"class_list":["post-83030","post","type-post","status-publish","format-standard","has-post-thumbnail","hentry","category-noticias"],"jetpack_featured_media_url":"https:\/\/hablemosclarotdf.com.ar\/wp-content\/uploads\/2026\/09\/photo_2026-09-01_16-01-54.jpg","_links":{"self":[{"href":"https:\/\/hablemosclarotdf.com.ar\/index.php?rest_route=\/wp\/v2\/posts\/83030","targetHints":{"allow":["GET"]}}],"collection":[{"href":"https:\/\/hablemosclarotdf.com.ar\/index.php?rest_route=\/wp\/v2\/posts"}],"about":[{"href":"https:\/\/hablemosclarotdf.com.ar\/index.php?rest_route=\/wp\/v2\/types\/post"}],"author":[{"embeddable":true,"href":"https:\/\/hablemosclarotdf.com.ar\/index.php?rest_route=\/wp\/v2\/users\/1"}],"replies":[{"embeddable":true,"href":"https:\/\/hablemosclarotdf.com.ar\/index.php?rest_route=%2Fwp%2Fv2%2Fcomments&post=83030"}],"version-history":[{"count":1,"href":"https:\/\/hablemosclarotdf.com.ar\/index.php?rest_route=\/wp\/v2\/posts\/83030\/revisions"}],"predecessor-version":[{"id":83033,"href":"https:\/\/hablemosclarotdf.com.ar\/index.php?rest_route=\/wp\/v2\/posts\/83030\/revisions\/83033"}],"wp:featuredmedia":[{"embeddable":true,"href":"https:\/\/hablemosclarotdf.com.ar\/index.php?rest_route=\/wp\/v2\/media\/83031"}],"wp:attachment":[{"href":"https:\/\/hablemosclarotdf.com.ar\/index.php?rest_route=%2Fwp%2Fv2%2Fmedia&parent=83030"}],"wp:term":[{"taxonomy":"category","embeddable":true,"href":"https:\/\/hablemosclarotdf.com.ar\/index.php?rest_route=%2Fwp%2Fv2%2Fcategories&post=83030"},{"taxonomy":"post_tag","embeddable":true,"href":"https:\/\/hablemosclarotdf.com.ar\/index.php?rest_route=%2Fwp%2Fv2%2Ftags&post=83030"}],"curies":[{"name":"wp","href":"https:\/\/api.w.org\/{rel}","templated":true}]}}