{"id":83027,"date":"2026-09-01T16:00:03","date_gmt":"2026-09-01T19:00:03","guid":{"rendered":"https:\/\/hablemosclarotdf.com.ar\/?p=83027"},"modified":"2026-09-01T16:00:03","modified_gmt":"2026-09-01T19:00:03","slug":"el-mini-atletismo-fueguino-cerro-el-mes-de-agosto-con-una-nueva-jornada-deportiva","status":"publish","type":"post","link":"https:\/\/hablemosclarotdf.com.ar\/?p=83027","title":{"rendered":"EL MINI ATLETISMO FUEGUINO CERR\u00d3 EL MES DE AGOSTO CON UNA NUEVA JORNADA DEPORTIVA"},"content":{"rendered":"<p>El Gobierno de Tierra del Fuego, a trav\u00e9s de la Secretar\u00eda de Deportes, contin\u00faa fortaleciendo las propuestas de iniciaci\u00f3n deportiva para ni\u00f1as y ni\u00f1os de la provincia.<\/p>\n<p>Este jueves, en la Casa del Deporte de Ushuaia, se realiz\u00f3 el cierre del mes de agosto del Mini Atletismo, con la participaci\u00f3n de alumnos y alumnas de las distintas escuelas que forman parte de la propuesta.<\/p>\n<p>La jornada tuvo un formato l\u00fadico y estuvo organizada por estaciones, donde los participantes pudieron acercarse a diferentes disciplinas del atletismo, con actividades centradas en salto en alto y lanzamientos de jabalina, bala y martillo.<\/p>\n<p>El secretario de Deportes, Mariano Vallaro, acompa\u00f1\u00f3 la actividad y destac\u00f3 la importancia de generar espacios que permitan a las infancias disfrutar del deporte, compartir y desarrollar sus capacidades desde edades tempranas.<\/p>\n<p>La entrenadora Victoria Pecot se\u00f1al\u00f3 que este fue el cuarto encuentro del a\u00f1o y valor\u00f3 el crecimiento de la propuesta y la participaci\u00f3n alcanzada durante esta etapa.<\/p>\n<p>\u201cBuscamos que los chicos se conozcan y compartan, y que puedan ir conociendo las distintas pruebas que tiene el atletismo. M\u00e1s adelante, podr\u00e1n ir perfil\u00e1ndose de acuerdo a sus intereses y elecciones\u201d, explic\u00f3.<\/p>\n<p>De cara a septiembre, los equipos de entrenamiento proyectan trasladar las actividades a la pista municipal de Ushuaia, con el objetivo de aprovechar las condiciones del espacio durante el \u00faltimo trimestre del a\u00f1o.<\/p>\n<p>Desde el Gobierno provincial se contin\u00faa acompa\u00f1ando y promoviendo pol\u00edticas de formaci\u00f3n deportiva que acercan a las infancias a distintas disciplinas y contribuyen al crecimiento del deporte fueguino.<\/p>\n","protected":false},"excerpt":{"rendered":"<p>El Gobierno de Tierra del Fuego, a trav\u00e9s de la Secretar\u00eda de Deportes, contin\u00faa fortaleciendo&#8230;<\/p>\n","protected":false},"author":1,"featured_media":83028,"comment_status":"closed","ping_status":"closed","sticky":false,"template":"","format":"standard","meta":{"footnotes":""},"categories":[3],"tags":[],"class_list":["post-83027","post","type-post","status-publish","format-standard","has-post-thumbnail","hentry","category-noticias"],"jetpack_featured_media_url":"https:\/\/hablemosclarotdf.com.ar\/wp-content\/uploads\/2026\/09\/photo_2026-09-01_15-58-51.jpg","_links":{"self":[{"href":"https:\/\/hablemosclarotdf.com.ar\/index.php?rest_route=\/wp\/v2\/posts\/83027","targetHints":{"allow":["GET"]}}],"collection":[{"href":"https:\/\/hablemosclarotdf.com.ar\/index.php?rest_route=\/wp\/v2\/posts"}],"about":[{"href":"https:\/\/hablemosclarotdf.com.ar\/index.php?rest_route=\/wp\/v2\/types\/post"}],"author":[{"embeddable":true,"href":"https:\/\/hablemosclarotdf.com.ar\/index.php?rest_route=\/wp\/v2\/users\/1"}],"replies":[{"embeddable":true,"href":"https:\/\/hablemosclarotdf.com.ar\/index.php?rest_route=%2Fwp%2Fv2%2Fcomments&post=83027"}],"version-history":[{"count":1,"href":"https:\/\/hablemosclarotdf.com.ar\/index.php?rest_route=\/wp\/v2\/posts\/83027\/revisions"}],"predecessor-version":[{"id":83029,"href":"https:\/\/hablemosclarotdf.com.ar\/index.php?rest_route=\/wp\/v2\/posts\/83027\/revisions\/83029"}],"wp:featuredmedia":[{"embeddable":true,"href":"https:\/\/hablemosclarotdf.com.ar\/index.php?rest_route=\/wp\/v2\/media\/83028"}],"wp:attachment":[{"href":"https:\/\/hablemosclarotdf.com.ar\/index.php?rest_route=%2Fwp%2Fv2%2Fmedia&parent=83027"}],"wp:term":[{"taxonomy":"category","embeddable":true,"href":"https:\/\/hablemosclarotdf.com.ar\/index.php?rest_route=%2Fwp%2Fv2%2Fcategories&post=83027"},{"taxonomy":"post_tag","embeddable":true,"href":"https:\/\/hablemosclarotdf.com.ar\/index.php?rest_route=%2Fwp%2Fv2%2Ftags&post=83027"}],"curies":[{"name":"wp","href":"https:\/\/api.w.org\/{rel}","templated":true}]}}