{"id":83024,"date":"2026-09-01T15:57:42","date_gmt":"2026-09-01T18:57:42","guid":{"rendered":"https:\/\/hablemosclarotdf.com.ar\/?p=83024"},"modified":"2026-09-01T15:57:42","modified_gmt":"2026-09-01T18:57:42","slug":"el-museo-fueguino-de-arte-nini-bernardello-celebra-el-mes-de-las-artes-con-dos-nuevas-exposiciones-y-talleres-gratuitos-para-toda-la-comunidad","status":"publish","type":"post","link":"https:\/\/hablemosclarotdf.com.ar\/?p=83024","title":{"rendered":"EL MUSEO FUEGUINO DE ARTE \u201cNIN\u00cd BERNARDELLO\u201d CELEBRA EL MES DE LAS ARTES CON DOS NUEVAS EXPOSICIONES Y TALLERES GRATUITOS PARA TODA LA COMUNIDAD"},"content":{"rendered":"<p>En el marco del Mes de las Artes, que se lleva adelante durante todo el mes de septiembre, el Museo Fueguino de Arte \u201cNin\u00ed Bernardello\u201d de la ciudad de R\u00edo Grande, invita a la comunidad a participar de la agenda cultural de actividades gratuitas, que incluye la inauguraci\u00f3n de dos muestras pict\u00f3ricas y textiles de reconocidas artistas, as\u00ed como un ciclo de talleres creativos enfocados en la primavera y las artes pl\u00e1sticas.<\/p>\n<p>El s\u00e1bado 5 de septiembre a las 19 h., el Museo abrir\u00e1 sus puertas para inaugurar dos nuevas muestras que invitan a reflexionar sobre la historia local, la identidad y las diversas formas de abordar la memoria desde m\u00faltiples t\u00e9cnicas visuales:<\/p>\n<p>Sala 1 (Planta Baja): &#8220;Puntadas Patrimoniales&#8221;, de la artista Elena Mart\u00ednez, con curadur\u00eda del Lic. Esteban Rodr\u00edguez. Una obra que invita a recorrer la historia de R\u00edo Grande a trav\u00e9s del arte del bordado.<\/p>\n<p>Sala 2 (Planta Alta): &#8220;Hoowin, formas de habitar la memoria&#8221;, de las artistas Adriana Valero y Oriana Soto. Una propuesta de pintura que indaga en nuevas miradas para transitar y habitar la memoria.<\/p>\n<p>Asimismo, se realizar\u00e1 durante todo septiembre, una serie de Talleres y Actividades libres, gratuitas y dirigidas a distintas edades e intereses:<\/p>\n<p>-S\u00e1bado 12 | 16:00 a 17:30 h.: Pintura guiada en acuarela (Mayores de 16 a\u00f1os).<br \/>\n-S\u00e1bado 19 | 16:00 a 17:30 h.: Ven\u00ed a intervenir el jard\u00edn del museo (Actividad familiar).<br \/>\n-Viernes 25 | 16:00 a 17:30 h.: La primavera a trav\u00e9s de la historia del arte (Mayores de 16 a\u00f1os).<br \/>\n-S\u00e1bado 26 | 15:00 a 16:30 h.: Acuarela de flores (Para todo p\u00fablico).<br \/>\n-S\u00e1bado 26 | 16:00 a 17:30 h.: El club de las flores de papel (Mayores de 15 a\u00f1os).<\/p>\n<p>Todas las actividades se desarrollar\u00e1n en la sede del Museo (Av. Belgrano 319).<\/p>\n<p>Por cuestiones de cupo, las inscripciones para los talleres deben realizarse previamente llamando al n\u00famero 2964-496318, en tanto las Muestras en el Museo, podr\u00e1n ser visitadas y recorridas durante todo el mes, de lunes a viernes de 10:00 a 20:00 horas y s\u00e1bados de 15:00 a 19:00 horas.<\/p>\n","protected":false},"excerpt":{"rendered":"<p>En el marco del Mes de las Artes, que se lleva adelante durante todo el&#8230;<\/p>\n","protected":false},"author":1,"featured_media":83025,"comment_status":"closed","ping_status":"closed","sticky":false,"template":"","format":"standard","meta":{"footnotes":""},"categories":[3],"tags":[],"class_list":["post-83024","post","type-post","status-publish","format-standard","has-post-thumbnail","hentry","category-noticias"],"jetpack_featured_media_url":"https:\/\/hablemosclarotdf.com.ar\/wp-content\/uploads\/2026\/09\/photo_2026-09-01_15-57-18.jpg","_links":{"self":[{"href":"https:\/\/hablemosclarotdf.com.ar\/index.php?rest_route=\/wp\/v2\/posts\/83024","targetHints":{"allow":["GET"]}}],"collection":[{"href":"https:\/\/hablemosclarotdf.com.ar\/index.php?rest_route=\/wp\/v2\/posts"}],"about":[{"href":"https:\/\/hablemosclarotdf.com.ar\/index.php?rest_route=\/wp\/v2\/types\/post"}],"author":[{"embeddable":true,"href":"https:\/\/hablemosclarotdf.com.ar\/index.php?rest_route=\/wp\/v2\/users\/1"}],"replies":[{"embeddable":true,"href":"https:\/\/hablemosclarotdf.com.ar\/index.php?rest_route=%2Fwp%2Fv2%2Fcomments&post=83024"}],"version-history":[{"count":1,"href":"https:\/\/hablemosclarotdf.com.ar\/index.php?rest_route=\/wp\/v2\/posts\/83024\/revisions"}],"predecessor-version":[{"id":83026,"href":"https:\/\/hablemosclarotdf.com.ar\/index.php?rest_route=\/wp\/v2\/posts\/83024\/revisions\/83026"}],"wp:featuredmedia":[{"embeddable":true,"href":"https:\/\/hablemosclarotdf.com.ar\/index.php?rest_route=\/wp\/v2\/media\/83025"}],"wp:attachment":[{"href":"https:\/\/hablemosclarotdf.com.ar\/index.php?rest_route=%2Fwp%2Fv2%2Fmedia&parent=83024"}],"wp:term":[{"taxonomy":"category","embeddable":true,"href":"https:\/\/hablemosclarotdf.com.ar\/index.php?rest_route=%2Fwp%2Fv2%2Fcategories&post=83024"},{"taxonomy":"post_tag","embeddable":true,"href":"https:\/\/hablemosclarotdf.com.ar\/index.php?rest_route=%2Fwp%2Fv2%2Ftags&post=83024"}],"curies":[{"name":"wp","href":"https:\/\/api.w.org\/{rel}","templated":true}]}}