{"id":83010,"date":"2026-09-01T15:51:13","date_gmt":"2026-09-01T18:51:13","guid":{"rendered":"https:\/\/hablemosclarotdf.com.ar\/?p=83010"},"modified":"2026-09-01T15:51:13","modified_gmt":"2026-09-01T18:51:13","slug":"ushuaia-la-municipalidad-abre-las-inscripciones-al-taller-de-lengua-de-senas-argentinas","status":"publish","type":"post","link":"https:\/\/hablemosclarotdf.com.ar\/?p=83010","title":{"rendered":"USHUAIA :  LA MUNICIPALIDAD  ABRE LAS INSCRIPCIONES AL TALLER DE LENGUA DE SE\u00d1AS ARGENTINAS"},"content":{"rendered":"<p>La actividad dar\u00e1 inicio el d\u00eda martes 15 de septiembre<\/p>\n<p>La Secretar\u00eda de Pol\u00edticas Ambientales, Culturales y Educativas de la Municipalidad de Ushuaia informa a la comunidad que se encuentran abiertas las inscripciones al Taller de Lengua de se\u00f1as argentinas a cargo de la profesora Marta Lacuadra.<\/p>\n<p>Dicha propuesta, que dar\u00e1 inicio el d\u00eda martes 15 de septiembre en los Talleres Culturales Municipales de calle Fagnano N\u00b0 486, contar\u00e1 con clases los d\u00edas martes y jueves de 17:30 a 18:30 horas. El mismo est\u00e1 dirigido a adolescentes mayores de 16 a\u00f1os y adultos y adultas, pudiendo realizarse la inscripci\u00f3n v\u00eda WhatsApp al 2901-400987 hasta el jueves 10 de septiembre inclusive.<\/p>\n<p>Desde la gesti\u00f3n municipal se contin\u00faa impulsando esta pol\u00edtica p\u00fablica de inclusi\u00f3n e integraci\u00f3n real, que brinda herramientas a los vecinos y vecinas para facilitar la comunicaci\u00f3n con personas sordas, hipoac\u00fasicas y con trastornos del habla.<\/p>\n<p>Para conocer m\u00e1s sobre los talleres culturales que la Municipalidad de Ushuaia impulsa, las y los interesados podr\u00e1n visitar las redes de la Secretar\u00eda de Pol\u00edticas Ambientales, Culturales y Educativas en @AmbienteCulturaEducacion.Ush<\/p>\n","protected":false},"excerpt":{"rendered":"<p>La actividad dar\u00e1 inicio el d\u00eda martes 15 de septiembre La Secretar\u00eda de Pol\u00edticas Ambientales,&#8230;<\/p>\n","protected":false},"author":1,"featured_media":83011,"comment_status":"closed","ping_status":"closed","sticky":false,"template":"","format":"standard","meta":{"footnotes":""},"categories":[3],"tags":[],"class_list":["post-83010","post","type-post","status-publish","format-standard","has-post-thumbnail","hentry","category-noticias"],"jetpack_featured_media_url":"https:\/\/hablemosclarotdf.com.ar\/wp-content\/uploads\/2026\/09\/photo_2026-09-01_15-50-47.jpg","_links":{"self":[{"href":"https:\/\/hablemosclarotdf.com.ar\/index.php?rest_route=\/wp\/v2\/posts\/83010","targetHints":{"allow":["GET"]}}],"collection":[{"href":"https:\/\/hablemosclarotdf.com.ar\/index.php?rest_route=\/wp\/v2\/posts"}],"about":[{"href":"https:\/\/hablemosclarotdf.com.ar\/index.php?rest_route=\/wp\/v2\/types\/post"}],"author":[{"embeddable":true,"href":"https:\/\/hablemosclarotdf.com.ar\/index.php?rest_route=\/wp\/v2\/users\/1"}],"replies":[{"embeddable":true,"href":"https:\/\/hablemosclarotdf.com.ar\/index.php?rest_route=%2Fwp%2Fv2%2Fcomments&post=83010"}],"version-history":[{"count":1,"href":"https:\/\/hablemosclarotdf.com.ar\/index.php?rest_route=\/wp\/v2\/posts\/83010\/revisions"}],"predecessor-version":[{"id":83012,"href":"https:\/\/hablemosclarotdf.com.ar\/index.php?rest_route=\/wp\/v2\/posts\/83010\/revisions\/83012"}],"wp:featuredmedia":[{"embeddable":true,"href":"https:\/\/hablemosclarotdf.com.ar\/index.php?rest_route=\/wp\/v2\/media\/83011"}],"wp:attachment":[{"href":"https:\/\/hablemosclarotdf.com.ar\/index.php?rest_route=%2Fwp%2Fv2%2Fmedia&parent=83010"}],"wp:term":[{"taxonomy":"category","embeddable":true,"href":"https:\/\/hablemosclarotdf.com.ar\/index.php?rest_route=%2Fwp%2Fv2%2Fcategories&post=83010"},{"taxonomy":"post_tag","embeddable":true,"href":"https:\/\/hablemosclarotdf.com.ar\/index.php?rest_route=%2Fwp%2Fv2%2Ftags&post=83010"}],"curies":[{"name":"wp","href":"https:\/\/api.w.org\/{rel}","templated":true}]}}