{"id":82994,"date":"2026-09-01T15:23:05","date_gmt":"2026-09-01T18:23:05","guid":{"rendered":"https:\/\/hablemosclarotdf.com.ar\/?p=82994"},"modified":"2026-09-01T15:23:05","modified_gmt":"2026-09-01T18:23:05","slug":"rio-grande-el-municipio-acompana-el-crecimiento-de-emprendimientos-educativos-de-la-ciudad","status":"publish","type":"post","link":"https:\/\/hablemosclarotdf.com.ar\/?p=82994","title":{"rendered":"RIO GRANDE : EL MUNICIPIO ACOMPA\u00d1A EL CRECIMIENTO DE EMPRENDIMIENTOS EDUCATIVOS DE LA CIUDAD"},"content":{"rendered":"<p><i>En representaci\u00f3n del Municipio, la secretaria de G\u00e9nero y Desarrollo Comunitario, Ivana Ybars junto a la directora de Accesibilidad Universal, Graciela Peralta, visitaron Top-Conquerors, un emprendimiento educativo, tecnol\u00f3gico y literario del barrio Austral, para conocer su propuesta, compartir experiencias y generar posibles articulaciones que contribuyan a su desarrollo.<\/i><\/p>\n<p>El Municipio de R\u00edo Grande contin\u00faa generando espacios de encuentro con emprendedores y referentes de la comunidad, con el objetivo de conocer sus experiencias, visibilizar sus iniciativas y generar posibles articulaciones que contribuyan a fortalecer sus proyectos.<\/p>\n<p>En este marco, la secretaria de G\u00e9nero y Desarrollo Comunitario, Lic. Ivana Ybars y la directora de Accesibilidad Universal, Lic. Graciela Peralta, visitaron Top-Conquerors, un emprendimiento creado y desarrollado por Fernando Ezequiel S\u00e1nchez, que articula educaci\u00f3n, tecnolog\u00eda, literatura y creatividad.<\/p>\n<p>Durante el encuentro, las funcionarias conocieron de cerca la propuesta y compartieron con Fernando el recorrido que realiz\u00f3 para desarrollar y consolidar este proyecto, que actualmente ofrece diferentes servicios y espacios de formaci\u00f3n para la comunidad.<\/p>\n<p>Entre sus propuestas se encuentran clases de apoyo para nivel primario y secundario, computaci\u00f3n, paquete Office, escritura creativa y confecci\u00f3n de curr\u00edculum vitae, adem\u00e1s de un espacio de lectura y una comunidad literaria que funciona tanto de manera presencial como virtual. El emprendimiento est\u00e1 ubicado en Uani 295, barrio Austral.<\/p>\n<p>Fernando es un joven autista, escritor y emprendedor que convirti\u00f3 sus intereses y talentos en un proyecto propio. Como parte de su recorrido, public\u00f3 seis libros de su autor\u00eda y desarroll\u00f3 una propuesta que integra sus distintas \u00e1reas de inter\u00e9s y conocimientos. Su experiencia refleja un camino de perseverancia, formaci\u00f3n y construcci\u00f3n de oportunidades a partir de sus capacidades.<\/p>\n<p>En este sentido, desde la Secretar\u00eda de G\u00e9nero y Desarrollo Comunitario y la Direcci\u00f3n de Accesibilidad Universal destacaron la importancia de continuar construyendo puentes con emprendedores, instituciones y organizaciones de la ciudad, promoviendo una concepci\u00f3n de la accesibilidad que contemple no solo la eliminaci\u00f3n de barreras, sino tambi\u00e9n la participaci\u00f3n, la autonom\u00eda y la generaci\u00f3n de oportunidades.<\/p>\n<p>Al respecto, la secretaria de G\u00e9nero y Desarrollo Comunitario, Ivana Ybars expres\u00f3 que \u201cconocer la historia de Fernando y Top-Conquerors nos permite valorar todo lo que puede construirse cuando una persona encuentra la posibilidad de desarrollar sus intereses y transformarlos en un proyecto. Para nosotras, estos encuentros son muy importantes porque nos permiten escuchar, conocer y pensar juntos posibles articulaciones. La historia de Fernando tambi\u00e9n nos invita a animarnos a perseguir nuestros sue\u00f1os y a confiar en nuestras capacidades\u201d.<\/p>\n<p>El Municipio continuar\u00e1 promoviendo estos espacios de encuentro como parte de una pol\u00edtica orientada a visibilizar capacidades, acompa\u00f1ar proyectos y construir una comunidad con mayores oportunidades de participaci\u00f3n para todos y todas.<\/p>\n<p><img loading=\"lazy\" decoding=\"async\" class=\"alignnone size-medium wp-image-82996\" src=\"https:\/\/hablemosclarotdf.com.ar\/wp-content\/uploads\/2026\/09\/photo_2026-09-01_15-20-46-300x240.jpg\" alt=\"\" width=\"300\" height=\"240\" srcset=\"https:\/\/hablemosclarotdf.com.ar\/wp-content\/uploads\/2026\/09\/photo_2026-09-01_15-20-46-300x240.jpg 300w, https:\/\/hablemosclarotdf.com.ar\/wp-content\/uploads\/2026\/09\/photo_2026-09-01_15-20-46-1024x819.jpg 1024w, https:\/\/hablemosclarotdf.com.ar\/wp-content\/uploads\/2026\/09\/photo_2026-09-01_15-20-46-768x614.jpg 768w, https:\/\/hablemosclarotdf.com.ar\/wp-content\/uploads\/2026\/09\/photo_2026-09-01_15-20-46.jpg 1280w\" sizes=\"auto, (max-width: 300px) 100vw, 300px\" \/><\/p>\n","protected":false},"excerpt":{"rendered":"<p>En representaci\u00f3n del Municipio, la secretaria de G\u00e9nero y Desarrollo Comunitario, Ivana Ybars junto a&#8230;<\/p>\n","protected":false},"author":1,"featured_media":82995,"comment_status":"closed","ping_status":"closed","sticky":false,"template":"","format":"standard","meta":{"footnotes":""},"categories":[3],"tags":[],"class_list":["post-82994","post","type-post","status-publish","format-standard","has-post-thumbnail","hentry","category-noticias"],"jetpack_featured_media_url":"https:\/\/hablemosclarotdf.com.ar\/wp-content\/uploads\/2026\/09\/photo_2026-09-01_15-20-57.jpg","_links":{"self":[{"href":"https:\/\/hablemosclarotdf.com.ar\/index.php?rest_route=\/wp\/v2\/posts\/82994","targetHints":{"allow":["GET"]}}],"collection":[{"href":"https:\/\/hablemosclarotdf.com.ar\/index.php?rest_route=\/wp\/v2\/posts"}],"about":[{"href":"https:\/\/hablemosclarotdf.com.ar\/index.php?rest_route=\/wp\/v2\/types\/post"}],"author":[{"embeddable":true,"href":"https:\/\/hablemosclarotdf.com.ar\/index.php?rest_route=\/wp\/v2\/users\/1"}],"replies":[{"embeddable":true,"href":"https:\/\/hablemosclarotdf.com.ar\/index.php?rest_route=%2Fwp%2Fv2%2Fcomments&post=82994"}],"version-history":[{"count":1,"href":"https:\/\/hablemosclarotdf.com.ar\/index.php?rest_route=\/wp\/v2\/posts\/82994\/revisions"}],"predecessor-version":[{"id":82997,"href":"https:\/\/hablemosclarotdf.com.ar\/index.php?rest_route=\/wp\/v2\/posts\/82994\/revisions\/82997"}],"wp:featuredmedia":[{"embeddable":true,"href":"https:\/\/hablemosclarotdf.com.ar\/index.php?rest_route=\/wp\/v2\/media\/82995"}],"wp:attachment":[{"href":"https:\/\/hablemosclarotdf.com.ar\/index.php?rest_route=%2Fwp%2Fv2%2Fmedia&parent=82994"}],"wp:term":[{"taxonomy":"category","embeddable":true,"href":"https:\/\/hablemosclarotdf.com.ar\/index.php?rest_route=%2Fwp%2Fv2%2Fcategories&post=82994"},{"taxonomy":"post_tag","embeddable":true,"href":"https:\/\/hablemosclarotdf.com.ar\/index.php?rest_route=%2Fwp%2Fv2%2Ftags&post=82994"}],"curies":[{"name":"wp","href":"https:\/\/api.w.org\/{rel}","templated":true}]}}