{"id":82984,"date":"2026-09-01T09:52:37","date_gmt":"2026-09-01T12:52:37","guid":{"rendered":"https:\/\/hablemosclarotdf.com.ar\/?p=82984"},"modified":"2026-09-01T09:52:37","modified_gmt":"2026-09-01T12:52:37","slug":"tierra-del-fuego-anuncio-copat-3d-el-congreso-patagonico-de-impresion-3d-fabricacion-digital-e-innovacion-aplicada","status":"publish","type":"post","link":"https:\/\/hablemosclarotdf.com.ar\/?p=82984","title":{"rendered":"TIERRA DEL FUEGO ANUNCI\u00d3 COPAT 3D: EL CONGRESO PATAG\u00d3NICO DE IMPRESI\u00d3N 3D, FABRICACI\u00d3N DIGITAL E INNOVACI\u00d3N APLICADA"},"content":{"rendered":"<p>El evento se llevar\u00e1 a cabo los d\u00edas 2 y 3 de octubre de 2026 en la F\u00e1brica de Talento de Ushuaia, bajo el lema \u201cDise\u00f1ando el futuro capa por capa\u201d.<\/p>\n<p>El Gobierno de Tierra del Fuego AIAS, a trav\u00e9s de la Agencia de Innovaci\u00f3n, anunci\u00f3 oficialmente la realizaci\u00f3n de COPAT 3D, el Congreso Patag\u00f3nico de Impresi\u00f3n 3D. Con el objetivo de consolidar un espacio regional de articulaci\u00f3n federal, el congreso surge de la necesidad de acelerar la adopci\u00f3n de tecnolog\u00edas de fabricaci\u00f3n aditiva y digitalizaci\u00f3n en el entramado productivo y social de la regi\u00f3n.<\/p>\n<p>El encuentro vincular\u00e1 al sector p\u00fablico con empresas, instituciones acad\u00e9micas, centros de investigaci\u00f3n, emprendedores y comunidades tecnol\u00f3gicas de todo el pa\u00eds.<\/p>\n<p>Durante las dos jornadas, COPAT 3D abordar\u00e1 la manera en que la fabricaci\u00f3n digital est\u00e1 transformando los modelos tradicionales de dise\u00f1o y producci\u00f3n. Para ello, se desarrollar\u00e1n experiencias, conferencias y espacios de intercambio organizados en torno a cuatro ejes: Industria 4.0, Salud, Formaci\u00f3n, e Infraestructura y Construcci\u00f3n.<\/p>\n<p>Cabe resaltar que el evento contar\u00e1 con la participaci\u00f3n de destacados especialistas nacionales, cuyos nombres se anunciar\u00e1n pr\u00f3ximamente.<\/p>\n<p>Adem\u00e1s, la programaci\u00f3n incluir\u00e1 las siguientes propuestas:<\/p>\n<p>Concurso para Estudiantes Secundarios: una convocatoria destinada a estimular el talento joven, la creatividad y la resoluci\u00f3n de problemas entre estudiantes del nivel secundario. Los proyectos seleccionados tendr\u00e1n un espacio destacado de exhibici\u00f3n durante el congreso. Las inscripciones, junto con las bases y condiciones del concurso, ya se encuentran disponibles en el sitio web oficial de COPAT 3D.<\/p>\n<p>Expo Tecnol\u00f3gica y Participaci\u00f3n Emprendedora: un espacio en el que fabricantes, empresas especializadas y la comunidad maker podr\u00e1n exhibir sus desarrollos. Los emprendedores fueguinos interesados en participar con un stand tambi\u00e9n pueden inscribirse a trav\u00e9s del formulario disponible en el sitio web oficial del evento.<\/p>\n<p>Con esta iniciativa, Tierra del Fuego reafirma su compromiso con la diversificaci\u00f3n de la matriz productiva y el fortalecimiento de la econom\u00eda del conocimiento.<\/p>\n<p>Proyectar a la provincia como sede patag\u00f3nica de la fabricaci\u00f3n digital demuestra que el desarrollo tecnol\u00f3gico no requiere de centralizaci\u00f3n geogr\u00e1fica, sino del fortalecimiento de las capacidades locales, el acceso equitativo a nuevas herramientas y la construcci\u00f3n de soluciones adaptadas a las realidades productivas de cada territorio.<\/p>\n<p>Las entradas, las inscripciones al concurso para estudiantes secundarios, la convocatoria para emprendedores fueguinos y toda la informaci\u00f3n necesaria para participar se encuentran disponibles en el sitio web oficial: https:\/\/copat3d.com.ar\/.<\/p>\n<p>&nbsp;<\/p>\n<p><img loading=\"lazy\" decoding=\"async\" class=\"alignnone size-medium wp-image-82986\" src=\"https:\/\/hablemosclarotdf.com.ar\/wp-content\/uploads\/2026\/09\/photo_2026-09-01_09-40-50-240x300.jpg\" alt=\"\" width=\"240\" height=\"300\" srcset=\"https:\/\/hablemosclarotdf.com.ar\/wp-content\/uploads\/2026\/09\/photo_2026-09-01_09-40-50-240x300.jpg 240w, https:\/\/hablemosclarotdf.com.ar\/wp-content\/uploads\/2026\/09\/photo_2026-09-01_09-40-50-819x1024.jpg 819w, https:\/\/hablemosclarotdf.com.ar\/wp-content\/uploads\/2026\/09\/photo_2026-09-01_09-40-50-768x960.jpg 768w, https:\/\/hablemosclarotdf.com.ar\/wp-content\/uploads\/2026\/09\/photo_2026-09-01_09-40-50.jpg 1024w\" sizes=\"auto, (max-width: 240px) 100vw, 240px\" \/> <img loading=\"lazy\" decoding=\"async\" class=\"alignnone size-medium wp-image-82987\" src=\"https:\/\/hablemosclarotdf.com.ar\/wp-content\/uploads\/2026\/09\/photo_2026-09-01_09-41-25-240x300.jpg\" alt=\"\" width=\"240\" height=\"300\" srcset=\"https:\/\/hablemosclarotdf.com.ar\/wp-content\/uploads\/2026\/09\/photo_2026-09-01_09-41-25-240x300.jpg 240w, https:\/\/hablemosclarotdf.com.ar\/wp-content\/uploads\/2026\/09\/photo_2026-09-01_09-41-25-819x1024.jpg 819w, https:\/\/hablemosclarotdf.com.ar\/wp-content\/uploads\/2026\/09\/photo_2026-09-01_09-41-25-768x960.jpg 768w, https:\/\/hablemosclarotdf.com.ar\/wp-content\/uploads\/2026\/09\/photo_2026-09-01_09-41-25.jpg 1024w\" sizes=\"auto, (max-width: 240px) 100vw, 240px\" \/> <img loading=\"lazy\" decoding=\"async\" class=\"alignnone size-medium wp-image-82988\" src=\"https:\/\/hablemosclarotdf.com.ar\/wp-content\/uploads\/2026\/09\/photo_2026-09-01_09-51-28-240x300.jpg\" alt=\"\" width=\"240\" height=\"300\" srcset=\"https:\/\/hablemosclarotdf.com.ar\/wp-content\/uploads\/2026\/09\/photo_2026-09-01_09-51-28-240x300.jpg 240w, https:\/\/hablemosclarotdf.com.ar\/wp-content\/uploads\/2026\/09\/photo_2026-09-01_09-51-28-819x1024.jpg 819w, https:\/\/hablemosclarotdf.com.ar\/wp-content\/uploads\/2026\/09\/photo_2026-09-01_09-51-28-768x960.jpg 768w, https:\/\/hablemosclarotdf.com.ar\/wp-content\/uploads\/2026\/09\/photo_2026-09-01_09-51-28.jpg 1024w\" sizes=\"auto, (max-width: 240px) 100vw, 240px\" \/><\/p>\n","protected":false},"excerpt":{"rendered":"<p>El evento se llevar\u00e1 a cabo los d\u00edas 2 y 3 de octubre de 2026&#8230;<\/p>\n","protected":false},"author":1,"featured_media":82985,"comment_status":"closed","ping_status":"closed","sticky":false,"template":"","format":"standard","meta":{"footnotes":""},"categories":[3],"tags":[],"class_list":["post-82984","post","type-post","status-publish","format-standard","has-post-thumbnail","hentry","category-noticias"],"jetpack_featured_media_url":"https:\/\/hablemosclarotdf.com.ar\/wp-content\/uploads\/2026\/09\/photo_2026-09-01_09-40-01.jpg","_links":{"self":[{"href":"https:\/\/hablemosclarotdf.com.ar\/index.php?rest_route=\/wp\/v2\/posts\/82984","targetHints":{"allow":["GET"]}}],"collection":[{"href":"https:\/\/hablemosclarotdf.com.ar\/index.php?rest_route=\/wp\/v2\/posts"}],"about":[{"href":"https:\/\/hablemosclarotdf.com.ar\/index.php?rest_route=\/wp\/v2\/types\/post"}],"author":[{"embeddable":true,"href":"https:\/\/hablemosclarotdf.com.ar\/index.php?rest_route=\/wp\/v2\/users\/1"}],"replies":[{"embeddable":true,"href":"https:\/\/hablemosclarotdf.com.ar\/index.php?rest_route=%2Fwp%2Fv2%2Fcomments&post=82984"}],"version-history":[{"count":1,"href":"https:\/\/hablemosclarotdf.com.ar\/index.php?rest_route=\/wp\/v2\/posts\/82984\/revisions"}],"predecessor-version":[{"id":82989,"href":"https:\/\/hablemosclarotdf.com.ar\/index.php?rest_route=\/wp\/v2\/posts\/82984\/revisions\/82989"}],"wp:featuredmedia":[{"embeddable":true,"href":"https:\/\/hablemosclarotdf.com.ar\/index.php?rest_route=\/wp\/v2\/media\/82985"}],"wp:attachment":[{"href":"https:\/\/hablemosclarotdf.com.ar\/index.php?rest_route=%2Fwp%2Fv2%2Fmedia&parent=82984"}],"wp:term":[{"taxonomy":"category","embeddable":true,"href":"https:\/\/hablemosclarotdf.com.ar\/index.php?rest_route=%2Fwp%2Fv2%2Fcategories&post=82984"},{"taxonomy":"post_tag","embeddable":true,"href":"https:\/\/hablemosclarotdf.com.ar\/index.php?rest_route=%2Fwp%2Fv2%2Ftags&post=82984"}],"curies":[{"name":"wp","href":"https:\/\/api.w.org\/{rel}","templated":true}]}}