{"id":82978,"date":"2026-09-01T09:38:34","date_gmt":"2026-09-01T12:38:34","guid":{"rendered":"https:\/\/hablemosclarotdf.com.ar\/?p=82978"},"modified":"2026-09-01T09:38:34","modified_gmt":"2026-09-01T12:38:34","slug":"rio-grande-tecnologia-innovacion-y-creatividad-rio-grande-vive-una-nueva-digital-hackathon","status":"publish","type":"post","link":"https:\/\/hablemosclarotdf.com.ar\/?p=82978","title":{"rendered":"RIO GRANDE : TECNOLOG\u00cdA, INNOVACI\u00d3N Y CREATIVIDAD: R\u00cdO GRANDE VIVE UNA NUEVA DIGITAL HACKATHON"},"content":{"rendered":"<p><i>La iniciativa del Municipio de R\u00edo Grande a trav\u00e9s de la Secretar\u00eda de Gesti\u00f3n Ciudadana reuni\u00f3 a estudiantes y docentes que trabajaron en el desarrollo de soluciones digitales para abordar problem\u00e1ticas de sus instituciones, barrios y comunidad.<\/i><\/p>\n<p>Se llev\u00f3 a cabo una nueva edici\u00f3n de la Digital Hackathon, una iniciativa del Municipio de R\u00edo Grande, a trav\u00e9s de la Secretar\u00eda de Gesti\u00f3n Ciudadana, que busca promover la creatividad, la innovaci\u00f3n y el desarrollo de habilidades digitales entre las juventudes, brind\u00e1ndoles herramientas para transformar en soluciones concretas las problem\u00e1ticas de su entorno.<\/p>\n<p>La propuesta tuvo lugar en el Espacio Tecnol\u00f3gico, donde 17 equipos conformados por estudiantes y docentes de los colegios Ernesto Guevara, Soberan\u00eda Nacional, Esteban L. Maradona, CIERG, EMEI, Alicia Moreau de Justo, Malvinas Argentinas, instituciones del nivel superior como el CENT 35 y el ICSE-UNTDF y la organizaci\u00f3n civil \u201cTercera Hora\u201d, que trabajaron intensamente en el dise\u00f1o de proyectos digitales vinculados a necesidades identificadas en sus instituciones, barrios y en la ciudad.<\/p>\n<p>Durante la jornada, los equipos atravesaron distintas etapas de la metodolog\u00eda de Hackathon: identificaci\u00f3n y an\u00e1lisis de una problem\u00e1tica, ideaci\u00f3n, definici\u00f3n de la propuesta y desarrollo inicial de un prototipo. De esta manera, pudieron poner en pr\u00e1ctica conocimientos y habilidades vinculadas con la tecnolog\u00eda, el trabajo en equipo y la resoluci\u00f3n creativa de problemas.<\/p>\n<p>El proceso cont\u00f3 con el acompa\u00f1amiento de m\u00e1s de 10 mentores, quienes orientaron y asesoraron a los grupos durante el desarrollo de sus proyectos.<\/p>\n<p>La etapa final del certamen ser\u00e1 una jornada de evaluaci\u00f3n y la premiaci\u00f3n, donde un jurado conformado por 4 personas especializadas seleccionar\u00e1 a los equipos ganadores, quienes recibir\u00e1n importantes premios vinculados al \u00e1mbito tecnol\u00f3gico.<\/p>\n<p>El subsecretario de Innovaci\u00f3n P\u00fablica, David Massimino, destac\u00f3 que &#8220;es el 5\u00ba a\u00f1o consecutivo que venimos trabajando con las instituciones de la ciudad. Cada vez son m\u00e1s los equipos que se suman lo que demuestra el gran inter\u00e9s de la comunidad educativa&#8221;. En tanto agreg\u00f3 que &#8220;desde el Municipio aportamos a que se pueda fortalecer la tecnolog\u00eda que tienen las instituciones a trav\u00e9s de los distintos premios que se otorgan&#8221;.<\/p>\n<p>Por su parte, el director de Gesti\u00f3n de Proyectos, Ignacio Borrone sostuvo: \u201cpor quinto a\u00f1o consecutivo, volvimos a reunirnos en esta Hackathon para seguir pensando, junto a las juventudes y las instituciones educativas, las problem\u00e1ticas reales que nos tocan atravesar en el territorio\u201d.<\/p>\n<p>Asimismo, Borrone destac\u00f3 que \u201ccon m\u00e1s de 15 proyectos, la Hackathon sigue ampliando en n\u00famero y sumando nuevos colegios, tanto del \u00e1mbito p\u00fablico como el privado, que deciden apostar por este evento, a\u00f1o tras a\u00f1o. El objetivo estuvo puesto en fortalecer las habilidades blandas, el trabajo colaborativo, la iniciativa y la innovaci\u00f3n principalmente de los y las estudiantes, pero tambi\u00e9n de aquellos docentes que oficiaron de tutores en sus equipos\u201d.<\/p>\n<p>A trav\u00e9s de la Digital Hackathon, el Municipio contin\u00faa generando espacios de formaci\u00f3n y participaci\u00f3n que acercan a las juventudes a la tecnolog\u00eda y la innovaci\u00f3n, promoviendo el desarrollo de capacidades digitales y el dise\u00f1o de soluciones que transformen su realidad.<\/p>\n<p><img loading=\"lazy\" decoding=\"async\" class=\"alignnone size-medium wp-image-82980\" src=\"https:\/\/hablemosclarotdf.com.ar\/wp-content\/uploads\/2026\/09\/photo_2026-09-01_09-36-38-300x214.jpg\" alt=\"\" width=\"300\" height=\"214\" srcset=\"https:\/\/hablemosclarotdf.com.ar\/wp-content\/uploads\/2026\/09\/photo_2026-09-01_09-36-38-300x214.jpg 300w, https:\/\/hablemosclarotdf.com.ar\/wp-content\/uploads\/2026\/09\/photo_2026-09-01_09-36-38-1024x730.jpg 1024w, https:\/\/hablemosclarotdf.com.ar\/wp-content\/uploads\/2026\/09\/photo_2026-09-01_09-36-38-768x548.jpg 768w, https:\/\/hablemosclarotdf.com.ar\/wp-content\/uploads\/2026\/09\/photo_2026-09-01_09-36-38.jpg 1280w\" sizes=\"auto, (max-width: 300px) 100vw, 300px\" \/><\/p>\n<p>&nbsp;<\/p>\n<p><img loading=\"lazy\" decoding=\"async\" class=\"alignnone size-medium wp-image-82981\" src=\"https:\/\/hablemosclarotdf.com.ar\/wp-content\/uploads\/2026\/09\/photo_2026-09-01_09-36-44-300x214.jpg\" alt=\"\" width=\"300\" height=\"214\" srcset=\"https:\/\/hablemosclarotdf.com.ar\/wp-content\/uploads\/2026\/09\/photo_2026-09-01_09-36-44-300x214.jpg 300w, https:\/\/hablemosclarotdf.com.ar\/wp-content\/uploads\/2026\/09\/photo_2026-09-01_09-36-44-1024x731.jpg 1024w, https:\/\/hablemosclarotdf.com.ar\/wp-content\/uploads\/2026\/09\/photo_2026-09-01_09-36-44-768x548.jpg 768w, https:\/\/hablemosclarotdf.com.ar\/wp-content\/uploads\/2026\/09\/photo_2026-09-01_09-36-44.jpg 1280w\" sizes=\"auto, (max-width: 300px) 100vw, 300px\" \/> <img loading=\"lazy\" decoding=\"async\" class=\"alignnone size-medium wp-image-82982\" src=\"https:\/\/hablemosclarotdf.com.ar\/wp-content\/uploads\/2026\/09\/photo_2026-09-01_09-36-50-300x214.jpg\" alt=\"\" width=\"300\" height=\"214\" srcset=\"https:\/\/hablemosclarotdf.com.ar\/wp-content\/uploads\/2026\/09\/photo_2026-09-01_09-36-50-300x214.jpg 300w, https:\/\/hablemosclarotdf.com.ar\/wp-content\/uploads\/2026\/09\/photo_2026-09-01_09-36-50-1024x730.jpg 1024w, https:\/\/hablemosclarotdf.com.ar\/wp-content\/uploads\/2026\/09\/photo_2026-09-01_09-36-50-768x547.jpg 768w, https:\/\/hablemosclarotdf.com.ar\/wp-content\/uploads\/2026\/09\/photo_2026-09-01_09-36-50.jpg 1280w\" sizes=\"auto, (max-width: 300px) 100vw, 300px\" \/><\/p>\n","protected":false},"excerpt":{"rendered":"<p>La iniciativa del Municipio de R\u00edo Grande a trav\u00e9s de la Secretar\u00eda de Gesti\u00f3n Ciudadana&#8230;<\/p>\n","protected":false},"author":1,"featured_media":82979,"comment_status":"closed","ping_status":"closed","sticky":false,"template":"","format":"standard","meta":{"footnotes":""},"categories":[3],"tags":[],"class_list":["post-82978","post","type-post","status-publish","format-standard","has-post-thumbnail","hentry","category-noticias"],"jetpack_featured_media_url":"https:\/\/hablemosclarotdf.com.ar\/wp-content\/uploads\/2026\/09\/photo_2026-09-01_09-36-33.jpg","_links":{"self":[{"href":"https:\/\/hablemosclarotdf.com.ar\/index.php?rest_route=\/wp\/v2\/posts\/82978","targetHints":{"allow":["GET"]}}],"collection":[{"href":"https:\/\/hablemosclarotdf.com.ar\/index.php?rest_route=\/wp\/v2\/posts"}],"about":[{"href":"https:\/\/hablemosclarotdf.com.ar\/index.php?rest_route=\/wp\/v2\/types\/post"}],"author":[{"embeddable":true,"href":"https:\/\/hablemosclarotdf.com.ar\/index.php?rest_route=\/wp\/v2\/users\/1"}],"replies":[{"embeddable":true,"href":"https:\/\/hablemosclarotdf.com.ar\/index.php?rest_route=%2Fwp%2Fv2%2Fcomments&post=82978"}],"version-history":[{"count":1,"href":"https:\/\/hablemosclarotdf.com.ar\/index.php?rest_route=\/wp\/v2\/posts\/82978\/revisions"}],"predecessor-version":[{"id":82983,"href":"https:\/\/hablemosclarotdf.com.ar\/index.php?rest_route=\/wp\/v2\/posts\/82978\/revisions\/82983"}],"wp:featuredmedia":[{"embeddable":true,"href":"https:\/\/hablemosclarotdf.com.ar\/index.php?rest_route=\/wp\/v2\/media\/82979"}],"wp:attachment":[{"href":"https:\/\/hablemosclarotdf.com.ar\/index.php?rest_route=%2Fwp%2Fv2%2Fmedia&parent=82978"}],"wp:term":[{"taxonomy":"category","embeddable":true,"href":"https:\/\/hablemosclarotdf.com.ar\/index.php?rest_route=%2Fwp%2Fv2%2Fcategories&post=82978"},{"taxonomy":"post_tag","embeddable":true,"href":"https:\/\/hablemosclarotdf.com.ar\/index.php?rest_route=%2Fwp%2Fv2%2Ftags&post=82978"}],"curies":[{"name":"wp","href":"https:\/\/api.w.org\/{rel}","templated":true}]}}