{"id":82953,"date":"2026-08-31T18:57:27","date_gmt":"2026-08-31T21:57:27","guid":{"rendered":"https:\/\/hablemosclarotdf.com.ar\/?p=82953"},"modified":"2026-08-31T18:57:27","modified_gmt":"2026-08-31T21:57:27","slug":"gobierno-profundiza-el-acceso-de-familias-al-agua-potable-y-cloacas-en-la-ciudad-de-tolhuin","status":"publish","type":"post","link":"https:\/\/hablemosclarotdf.com.ar\/?p=82953","title":{"rendered":"GOBIERNO PROFUNDIZA EL ACCESO DE FAMILIAS AL AGUA POTABLE Y CLOACAS EN LA CIUDAD DE TOLHUIN"},"content":{"rendered":"<p>El gobernador Gustavo Melella encabez\u00f3 este lunes en Tolhuin una reuni\u00f3n con el presidente de la Direcci\u00f3n Provincial de Obras y Servicios Sanitarios (DPOSS), Cristian Pereyra, la legisladora Gisela Dos Santos, y el delegado del Gobierno de la Provincia en esa ciudad, Federico Vel\u00e1zquez, entre otros funcionarios. En el encuentro dialogaron acerca de las acciones llevadas a cabo en esa ciudad y de la planificaci\u00f3n para profundizar el acceso de vecinos y vecinas al agua y a la red de cloacas.<\/p>\n<p>Tras el encuentro, Pereyra mencion\u00f3 que &#8220;fue una reuni\u00f3n muy productiva donde tuvimos la oportunidad de repasar la gesti\u00f3n realizada desde la DPOSS en la ciudad de Tolhuin, donde pudimos marcar todos los trabajos realizados, en particular haciendo hincapi\u00e9 en la inversi\u00f3n en obras y equipamiento\u201d. En este sentido, el funcionario resalt\u00f3 la ampliaci\u00f3n de la Planta Potabilizadora y la adquisici\u00f3n de equipos electromec\u00e1nicos y bombas de impulsi\u00f3n, destacando que gracias a este crecimiento &#8220;la producci\u00f3n de agua potable se increment\u00f3 en m\u00e1s de un 65% durante esta gesti\u00f3n&#8221;.<\/p>\n<p>En materia de saneamiento, Pereyra tambi\u00e9n resalt\u00f3 el avance en la cantidad de estaciones de bombeo, que en el inicio de la gesti\u00f3n en 2020 eran s\u00f3lo tres y en la actualidad suman un total de ocho.<\/p>\n<p>&#8220;Tambi\u00e9n pudimos hablar de una problem\u00e1tica de la ciudad, donde a pesar de haber sectores con redes de agua y cloaca, muchos vecinos no estaban vinculados formalmente a trav\u00e9s de conexiones domiciliarias. En ese caso nosotros hemos podido incrementar estas conexiones domiciliarias en m\u00e1s de un 35%&#8221;, agreg\u00f3 .<\/p>\n<p>&#8220;En relaci\u00f3n al futuro, se habl\u00f3 de las distintas herramientas que tiene la DPOSS para ejecutar obras por administraci\u00f3n; sobre c\u00f3mo la instituci\u00f3n se viene equipando para afrontar esta coyuntura que implica la falta de financiamiento por parte de Naci\u00f3n y de manera de poder seguir en este camino de expansi\u00f3n de los servicios&#8221;, expres\u00f3 el Presidente.<\/p>\n<p>Finalmente, Pereyra sostuvo que \u201ctambi\u00e9n se dialog\u00f3 sobre los distintos beneficios que el r\u00e9gimen tarifario del ente sanitario contempla para los usuarios del servicio, en particular las excepciones para jubilados, pensionados y discapacitados que tengan un ingreso inferior a una vez y media el monto definido para el R\u00e9gimen \u00danico de Pensiones Especiales; la tarifa social, que implica una reducci\u00f3n en el monto a pagar para los hogares que m\u00e1s lo necesitan y otros beneficios destinados a los usuarios en general&#8221;.<\/p>\n<p>&#8220;Fue una reuni\u00f3n productiva y un paso m\u00e1s en la direcci\u00f3n que nos hemos trazado para llegar con estos servicios fundamentales a m\u00e1s familias&#8221;, concluy\u00f3.<\/p>\n","protected":false},"excerpt":{"rendered":"<p>El gobernador Gustavo Melella encabez\u00f3 este lunes en Tolhuin una reuni\u00f3n con el presidente de&#8230;<\/p>\n","protected":false},"author":1,"featured_media":82954,"comment_status":"closed","ping_status":"closed","sticky":false,"template":"","format":"standard","meta":{"footnotes":""},"categories":[3],"tags":[],"class_list":["post-82953","post","type-post","status-publish","format-standard","has-post-thumbnail","hentry","category-noticias"],"jetpack_featured_media_url":"https:\/\/hablemosclarotdf.com.ar\/wp-content\/uploads\/2026\/08\/photo_2026-08-31_18-56-44.jpg","_links":{"self":[{"href":"https:\/\/hablemosclarotdf.com.ar\/index.php?rest_route=\/wp\/v2\/posts\/82953","targetHints":{"allow":["GET"]}}],"collection":[{"href":"https:\/\/hablemosclarotdf.com.ar\/index.php?rest_route=\/wp\/v2\/posts"}],"about":[{"href":"https:\/\/hablemosclarotdf.com.ar\/index.php?rest_route=\/wp\/v2\/types\/post"}],"author":[{"embeddable":true,"href":"https:\/\/hablemosclarotdf.com.ar\/index.php?rest_route=\/wp\/v2\/users\/1"}],"replies":[{"embeddable":true,"href":"https:\/\/hablemosclarotdf.com.ar\/index.php?rest_route=%2Fwp%2Fv2%2Fcomments&post=82953"}],"version-history":[{"count":1,"href":"https:\/\/hablemosclarotdf.com.ar\/index.php?rest_route=\/wp\/v2\/posts\/82953\/revisions"}],"predecessor-version":[{"id":82955,"href":"https:\/\/hablemosclarotdf.com.ar\/index.php?rest_route=\/wp\/v2\/posts\/82953\/revisions\/82955"}],"wp:featuredmedia":[{"embeddable":true,"href":"https:\/\/hablemosclarotdf.com.ar\/index.php?rest_route=\/wp\/v2\/media\/82954"}],"wp:attachment":[{"href":"https:\/\/hablemosclarotdf.com.ar\/index.php?rest_route=%2Fwp%2Fv2%2Fmedia&parent=82953"}],"wp:term":[{"taxonomy":"category","embeddable":true,"href":"https:\/\/hablemosclarotdf.com.ar\/index.php?rest_route=%2Fwp%2Fv2%2Fcategories&post=82953"},{"taxonomy":"post_tag","embeddable":true,"href":"https:\/\/hablemosclarotdf.com.ar\/index.php?rest_route=%2Fwp%2Fv2%2Ftags&post=82953"}],"curies":[{"name":"wp","href":"https:\/\/api.w.org\/{rel}","templated":true}]}}