{"id":82950,"date":"2026-08-31T18:54:03","date_gmt":"2026-08-31T21:54:03","guid":{"rendered":"https:\/\/hablemosclarotdf.com.ar\/?p=82950"},"modified":"2026-08-31T18:54:03","modified_gmt":"2026-08-31T21:54:03","slug":"el-seleccionado-femenino-de-futbol-continua-su-preparacion-para-los-juegos-de-la-araucania","status":"publish","type":"post","link":"https:\/\/hablemosclarotdf.com.ar\/?p=82950","title":{"rendered":"EL SELECCIONADO FEMENINO DE F\u00daTBOL CONTIN\u00daA SU PREPARACI\u00d3N PARA LOS JUEGOS DE LA ARAUCAN\u00cdA"},"content":{"rendered":"<p>El preseleccionado provincial de f\u00fatbol femenino realiz\u00f3 una nueva concentraci\u00f3n en R\u00edo Grande, como parte de la preparaci\u00f3n de las deportistas fueguinas de cara a los Juegos Binacionales de la Araucan\u00eda.<\/p>\n<p>Durante la jornada, las jugadoras de Ushuaia y R\u00edo Grande desarrollaron entrenamientos orientados al fortalecimiento de aspectos t\u00e9cnicos y t\u00e1cticos, bajo la conducci\u00f3n del cuerpo t\u00e9cnico provincial.<\/p>\n<p>La actividad se desarroll\u00f3 en la cancha de c\u00e9sped sint\u00e9tico del Club San Mart\u00edn y cont\u00f3 con una jornada de trabajo en doble turno.<\/p>\n<p>Los Juegos Binacionales de la Araucan\u00eda se desarrollar\u00e1n del 25 al 31 de octubre en Valdivia, Regi\u00f3n de Los R\u00edos, Chile.<\/p>\n<p>El seleccionado provincial cuenta con el acompa\u00f1amiento y la coordinaci\u00f3n de la Secretar\u00eda de Deportes, dependiente del Ministerio de Bienestar Ciudadano y Justicia del Gobierno de Tierra del Fuego.<\/p>\n","protected":false},"excerpt":{"rendered":"<p>El preseleccionado provincial de f\u00fatbol femenino realiz\u00f3 una nueva concentraci\u00f3n en R\u00edo Grande, como parte&#8230;<\/p>\n","protected":false},"author":1,"featured_media":82951,"comment_status":"closed","ping_status":"closed","sticky":false,"template":"","format":"standard","meta":{"footnotes":""},"categories":[3],"tags":[],"class_list":["post-82950","post","type-post","status-publish","format-standard","has-post-thumbnail","hentry","category-noticias"],"jetpack_featured_media_url":"https:\/\/hablemosclarotdf.com.ar\/wp-content\/uploads\/2026\/08\/photo_2026-08-31_18-53-42.jpg","_links":{"self":[{"href":"https:\/\/hablemosclarotdf.com.ar\/index.php?rest_route=\/wp\/v2\/posts\/82950","targetHints":{"allow":["GET"]}}],"collection":[{"href":"https:\/\/hablemosclarotdf.com.ar\/index.php?rest_route=\/wp\/v2\/posts"}],"about":[{"href":"https:\/\/hablemosclarotdf.com.ar\/index.php?rest_route=\/wp\/v2\/types\/post"}],"author":[{"embeddable":true,"href":"https:\/\/hablemosclarotdf.com.ar\/index.php?rest_route=\/wp\/v2\/users\/1"}],"replies":[{"embeddable":true,"href":"https:\/\/hablemosclarotdf.com.ar\/index.php?rest_route=%2Fwp%2Fv2%2Fcomments&post=82950"}],"version-history":[{"count":1,"href":"https:\/\/hablemosclarotdf.com.ar\/index.php?rest_route=\/wp\/v2\/posts\/82950\/revisions"}],"predecessor-version":[{"id":82952,"href":"https:\/\/hablemosclarotdf.com.ar\/index.php?rest_route=\/wp\/v2\/posts\/82950\/revisions\/82952"}],"wp:featuredmedia":[{"embeddable":true,"href":"https:\/\/hablemosclarotdf.com.ar\/index.php?rest_route=\/wp\/v2\/media\/82951"}],"wp:attachment":[{"href":"https:\/\/hablemosclarotdf.com.ar\/index.php?rest_route=%2Fwp%2Fv2%2Fmedia&parent=82950"}],"wp:term":[{"taxonomy":"category","embeddable":true,"href":"https:\/\/hablemosclarotdf.com.ar\/index.php?rest_route=%2Fwp%2Fv2%2Fcategories&post=82950"},{"taxonomy":"post_tag","embeddable":true,"href":"https:\/\/hablemosclarotdf.com.ar\/index.php?rest_route=%2Fwp%2Fv2%2Ftags&post=82950"}],"curies":[{"name":"wp","href":"https:\/\/api.w.org\/{rel}","templated":true}]}}