{"id":82947,"date":"2026-08-31T18:52:35","date_gmt":"2026-08-31T21:52:35","guid":{"rendered":"https:\/\/hablemosclarotdf.com.ar\/?p=82947"},"modified":"2026-08-31T18:52:35","modified_gmt":"2026-08-31T21:52:35","slug":"la-feria-de-arte-ciencia-y-tecnologia-tendra-este-miercoles-su-ultima-instancia-provincial-en-rio-grande","status":"publish","type":"post","link":"https:\/\/hablemosclarotdf.com.ar\/?p=82947","title":{"rendered":"LA FERIA DE ARTE, CIENCIA Y TECNOLOG\u00cdA TENDR\u00c1 ESTE MI\u00c9RCOLES SU \u00daLTIMA INSTANCIA PROVINCIAL EN R\u00cdO GRANDE"},"content":{"rendered":"<p>Luego de la instancia desarrollada en Ushuaia, la Feria de Arte, Ciencia y Tecnolog\u00eda del Ministerio de Educaci\u00f3n de la provincia de Tierra del Fuego AIAS tendr\u00e1 este mi\u00e9rcoles 2 de septiembre su \u00faltima instancia provincial, que se llevar\u00e1 a cabo en el gimnasio de la Escuela N.\u00b0 2 \u201cBenjam\u00edn Zorrilla\u201d de R\u00edo Grande.<\/p>\n<p>La referente provincial de la Feria de Arte, Ciencia y Tecnolog\u00eda, Laura Abrigo, realiz\u00f3 un balance positivo de la jornada desarrollada en Ushuaia, donde se presentaron m\u00e1s de 40 proyectos y se destac\u00f3 la participaci\u00f3n de estudiantes, docentes y familias.<\/p>\n<p>\u201cFue sumamente exitoso&#8221;, se\u00f1al\u00f3 al tiempo que presis\u00f3 que &#8220;tuvimos m\u00e1s de 40 proyectos que participaron en esta instancia provincial de Feria de Ciencia, con mucha participaci\u00f3n de docentes, estudiantes y de las familias, que siempre est\u00e1n y acompa\u00f1an cada uno de los procesos y proyectos que proponen los docentes\u201d.<\/p>\n<p>Asimismo, explic\u00f3 que, una vez concluida la instancia provincial en R\u00edo Grande, se realizar\u00e1 un consenso general de los trabajos presentados en Tolhuin, Ushuaia y R\u00edo Grande., que pasar\u00e1n por una instancia de preselecci\u00f3n en la que se evaluar\u00e1 su potencial para representar a la provincia en las instancias nacionales.<\/p>\n<p>En ese sentido, Abrigo destac\u00f3 la diversidad de tem\u00e1ticas abordadas por los proyectos a lo largo de la Feria y se\u00f1al\u00f3 que este a\u00f1o &#8220;se observ\u00f3 una importante presencia de propuestas vinculadas al cuidado de la alimentaci\u00f3n, el ambiente, la reutilizaci\u00f3n del viento y la historia y soberan\u00eda de Tierra del Fuego&#8221;.<\/p>\n<p>Cabe resaltar que la jornada de este mi\u00e9rcoles reunir\u00e1 a los proyectos que avanzaron a la instancia provincial luego del trabajo desarrollado en R\u00edo Grande. De los m\u00e1s de 120 trabajos presentados inicialmente en la ciudad, alrededor de 67 lograron avanzar a esta etapa.<\/p>\n<p>\u201cVa a ser un arduo trabajo y una larga noche hasta que podamos consensuar, realizar e identificar cu\u00e1les son los proyectos que nos van a representar\u201d, anticip\u00f3 Abrigo.<\/p>\n<p>\u201cLos proyectos que nos representan en instancia nacional tienen que ver con que generen un impacto en la comunidad, que nos representen con el resto del pa\u00eds, que sean aut\u00f3ctonos y que podamos llevar a Tierra del Fuego a una mesa de debate donde digan: \u2018Esto es Tierra del Fuego\u2019\u201d, sostuvo.<\/p>\n<p>La instancia nacional contempla tres encuentros. Del 5 al 10 de octubre, en la ciudad de San Luis, se desarrollar\u00e1 la instancia correspondiente a los proyectos cuyo foco principal sea el eje matem\u00e1tico. Del 21 al 26 de octubre, Jujuy ser\u00e1 sede de los proyectos vinculados con el eje art\u00edstico, mientras que del 25 al 30 de noviembre, en C\u00f3rdoba, se desarrollar\u00e1n las instancias correspondientes a los ejes cient\u00edfico y tecnol\u00f3gico.<\/p>\n<p>Desde el Ministerio de Educaci\u00f3n se invita a la comunidad educativa y a las familias a acompa\u00f1ar esta \u00faltima instancia provincial de la Feria de Arte, Ciencia y Tecnolog\u00eda, que se desarrollar\u00e1 este mi\u00e9rcoles 2 de septiembre en el gimnasio de la Escuela N.\u00b0 2 \u201cBenjam\u00edn Zorrilla\u201d de R\u00edo Grande, como cierre de un proceso que involucr\u00f3 el compromiso y el trabajo de estudiantes, docentes asesores y docentes evaluadores de toda la provincia.<\/p>\n","protected":false},"excerpt":{"rendered":"<p>Luego de la instancia desarrollada en Ushuaia, la Feria de Arte, Ciencia y Tecnolog\u00eda del&#8230;<\/p>\n","protected":false},"author":1,"featured_media":82948,"comment_status":"closed","ping_status":"closed","sticky":false,"template":"","format":"standard","meta":{"footnotes":""},"categories":[3],"tags":[],"class_list":["post-82947","post","type-post","status-publish","format-standard","has-post-thumbnail","hentry","category-noticias"],"jetpack_featured_media_url":"https:\/\/hablemosclarotdf.com.ar\/wp-content\/uploads\/2026\/08\/photo_2026-08-31_18-51-48.jpg","_links":{"self":[{"href":"https:\/\/hablemosclarotdf.com.ar\/index.php?rest_route=\/wp\/v2\/posts\/82947","targetHints":{"allow":["GET"]}}],"collection":[{"href":"https:\/\/hablemosclarotdf.com.ar\/index.php?rest_route=\/wp\/v2\/posts"}],"about":[{"href":"https:\/\/hablemosclarotdf.com.ar\/index.php?rest_route=\/wp\/v2\/types\/post"}],"author":[{"embeddable":true,"href":"https:\/\/hablemosclarotdf.com.ar\/index.php?rest_route=\/wp\/v2\/users\/1"}],"replies":[{"embeddable":true,"href":"https:\/\/hablemosclarotdf.com.ar\/index.php?rest_route=%2Fwp%2Fv2%2Fcomments&post=82947"}],"version-history":[{"count":1,"href":"https:\/\/hablemosclarotdf.com.ar\/index.php?rest_route=\/wp\/v2\/posts\/82947\/revisions"}],"predecessor-version":[{"id":82949,"href":"https:\/\/hablemosclarotdf.com.ar\/index.php?rest_route=\/wp\/v2\/posts\/82947\/revisions\/82949"}],"wp:featuredmedia":[{"embeddable":true,"href":"https:\/\/hablemosclarotdf.com.ar\/index.php?rest_route=\/wp\/v2\/media\/82948"}],"wp:attachment":[{"href":"https:\/\/hablemosclarotdf.com.ar\/index.php?rest_route=%2Fwp%2Fv2%2Fmedia&parent=82947"}],"wp:term":[{"taxonomy":"category","embeddable":true,"href":"https:\/\/hablemosclarotdf.com.ar\/index.php?rest_route=%2Fwp%2Fv2%2Fcategories&post=82947"},{"taxonomy":"post_tag","embeddable":true,"href":"https:\/\/hablemosclarotdf.com.ar\/index.php?rest_route=%2Fwp%2Fv2%2Ftags&post=82947"}],"curies":[{"name":"wp","href":"https:\/\/api.w.org\/{rel}","templated":true}]}}