{"id":82926,"date":"2026-08-31T18:35:52","date_gmt":"2026-08-31T21:35:52","guid":{"rendered":"https:\/\/hablemosclarotdf.com.ar\/?p=82926"},"modified":"2026-08-31T18:35:52","modified_gmt":"2026-08-31T21:35:52","slug":"ushuaia-vuoto-recibio-a-integrantes-del-club-de-abuelos-dona-transito-y-valoro-su-funcion-social-en-la-comunidad","status":"publish","type":"post","link":"https:\/\/hablemosclarotdf.com.ar\/?p=82926","title":{"rendered":"USHUAIA : VUOTO RECIBI\u00d3 A INTEGRANTES DEL CLUB DE ABUELOS \u201cDO\u00d1A TR\u00c1NSITO\u201d Y VALOR\u00d3 SU FUNCI\u00d3N SOCIAL EN LA COMUNIDAD"},"content":{"rendered":"<p>El intendente de Ushuaia, Walter Vuoto, recibi\u00f3 a integrantes de la Comisi\u00f3n Directiva del Club de Abuelos, Hijos y Amigos \u201cDo\u00f1a Tr\u00e1nsito\u201d en la Sala de Situaci\u00f3n de la sede comunal, encuentro del que tambi\u00e9n particip\u00f3 la concejala Anal\u00eda Escalante.<br \/>\nDurante la reuni\u00f3n, los representantes de la instituci\u00f3n compartieron con el intendente las actividades que llevan adelante y plantearon distintas necesidades vinculadas al desarrollo y la continuidad de sus propuestas, entre ellas la posibilidad de contar con un espacio f\u00edsico que les permita reunir en un mismo lugar los talleres y encuentros que actualmente realizan en distintos puntos de la ciudad.<br \/>\nEl Club de Abuelos \u201cDo\u00f1a Tr\u00e1nsito\u201d fue fundado el 5 de octubre de 2001. Con m\u00e1s de 25 a\u00f1os de trayectoria, nuclea a alrededor de 50 personas mayores y desarrolla propuestas vinculadas al encuentro, la recreaci\u00f3n y el bienestar, como talleres de memoria, tango, canto, movimiento y elongaci\u00f3n, ingl\u00e9s, juegos, dibujo y pintura y huerta, entre otras actividades.<br \/>\nVuoto valor\u00f3 especialmente la funci\u00f3n social que cumple la instituci\u00f3n y el trabajo sostenido que desarrolla desde hace m\u00e1s de dos d\u00e9cadas acompa\u00f1ando a las personas mayores de Ushuaia. Asimismo, agradeci\u00f3 la visita y se puso a disposici\u00f3n para continuar trabajando junto a sus integrantes en las distintas necesidades que atraviesa la instituci\u00f3n.<br \/>\nEn ese sentido, el Municipio continuar\u00e1 articulando con la instituci\u00f3n para acompa\u00f1ar sus actividades y contribuir a fortalecer este espacio de encuentro, participaci\u00f3n y contenci\u00f3n para las personas mayores de la ciudad.<\/p>\n<p><img loading=\"lazy\" decoding=\"async\" class=\"alignnone size-medium wp-image-82928\" src=\"https:\/\/hablemosclarotdf.com.ar\/wp-content\/uploads\/2026\/08\/photo_2026-08-31_18-32-05-300x200.jpg\" alt=\"\" width=\"300\" height=\"200\" srcset=\"https:\/\/hablemosclarotdf.com.ar\/wp-content\/uploads\/2026\/08\/photo_2026-08-31_18-32-05-300x200.jpg 300w, https:\/\/hablemosclarotdf.com.ar\/wp-content\/uploads\/2026\/08\/photo_2026-08-31_18-32-05-1024x682.jpg 1024w, https:\/\/hablemosclarotdf.com.ar\/wp-content\/uploads\/2026\/08\/photo_2026-08-31_18-32-05-768x512.jpg 768w, https:\/\/hablemosclarotdf.com.ar\/wp-content\/uploads\/2026\/08\/photo_2026-08-31_18-32-05.jpg 1280w\" sizes=\"auto, (max-width: 300px) 100vw, 300px\" \/> <img loading=\"lazy\" decoding=\"async\" class=\"alignnone size-medium wp-image-82929\" src=\"https:\/\/hablemosclarotdf.com.ar\/wp-content\/uploads\/2026\/08\/photo_2026-08-31_18-32-11-300x200.jpg\" alt=\"\" width=\"300\" height=\"200\" srcset=\"https:\/\/hablemosclarotdf.com.ar\/wp-content\/uploads\/2026\/08\/photo_2026-08-31_18-32-11-300x200.jpg 300w, https:\/\/hablemosclarotdf.com.ar\/wp-content\/uploads\/2026\/08\/photo_2026-08-31_18-32-11-1024x682.jpg 1024w, https:\/\/hablemosclarotdf.com.ar\/wp-content\/uploads\/2026\/08\/photo_2026-08-31_18-32-11-768x512.jpg 768w, https:\/\/hablemosclarotdf.com.ar\/wp-content\/uploads\/2026\/08\/photo_2026-08-31_18-32-11.jpg 1280w\" sizes=\"auto, (max-width: 300px) 100vw, 300px\" \/><\/p>\n","protected":false},"excerpt":{"rendered":"<p>El intendente de Ushuaia, Walter Vuoto, recibi\u00f3 a integrantes de la Comisi\u00f3n Directiva del Club&#8230;<\/p>\n","protected":false},"author":1,"featured_media":82927,"comment_status":"closed","ping_status":"closed","sticky":false,"template":"","format":"standard","meta":{"footnotes":""},"categories":[3],"tags":[],"class_list":["post-82926","post","type-post","status-publish","format-standard","has-post-thumbnail","hentry","category-noticias"],"jetpack_featured_media_url":"https:\/\/hablemosclarotdf.com.ar\/wp-content\/uploads\/2026\/08\/photo_2026-08-31_18-32-01.jpg","_links":{"self":[{"href":"https:\/\/hablemosclarotdf.com.ar\/index.php?rest_route=\/wp\/v2\/posts\/82926","targetHints":{"allow":["GET"]}}],"collection":[{"href":"https:\/\/hablemosclarotdf.com.ar\/index.php?rest_route=\/wp\/v2\/posts"}],"about":[{"href":"https:\/\/hablemosclarotdf.com.ar\/index.php?rest_route=\/wp\/v2\/types\/post"}],"author":[{"embeddable":true,"href":"https:\/\/hablemosclarotdf.com.ar\/index.php?rest_route=\/wp\/v2\/users\/1"}],"replies":[{"embeddable":true,"href":"https:\/\/hablemosclarotdf.com.ar\/index.php?rest_route=%2Fwp%2Fv2%2Fcomments&post=82926"}],"version-history":[{"count":1,"href":"https:\/\/hablemosclarotdf.com.ar\/index.php?rest_route=\/wp\/v2\/posts\/82926\/revisions"}],"predecessor-version":[{"id":82930,"href":"https:\/\/hablemosclarotdf.com.ar\/index.php?rest_route=\/wp\/v2\/posts\/82926\/revisions\/82930"}],"wp:featuredmedia":[{"embeddable":true,"href":"https:\/\/hablemosclarotdf.com.ar\/index.php?rest_route=\/wp\/v2\/media\/82927"}],"wp:attachment":[{"href":"https:\/\/hablemosclarotdf.com.ar\/index.php?rest_route=%2Fwp%2Fv2%2Fmedia&parent=82926"}],"wp:term":[{"taxonomy":"category","embeddable":true,"href":"https:\/\/hablemosclarotdf.com.ar\/index.php?rest_route=%2Fwp%2Fv2%2Fcategories&post=82926"},{"taxonomy":"post_tag","embeddable":true,"href":"https:\/\/hablemosclarotdf.com.ar\/index.php?rest_route=%2Fwp%2Fv2%2Ftags&post=82926"}],"curies":[{"name":"wp","href":"https:\/\/api.w.org\/{rel}","templated":true}]}}