{"id":82919,"date":"2026-08-31T18:29:04","date_gmt":"2026-08-31T21:29:04","guid":{"rendered":"https:\/\/hablemosclarotdf.com.ar\/?p=82919"},"modified":"2026-08-31T18:29:04","modified_gmt":"2026-08-31T21:29:04","slug":"rio-grande-el-municipio-acompano-a-estudiantes-de-la-escuela-n-44-en-una-jornada-de-educacion-vial","status":"publish","type":"post","link":"https:\/\/hablemosclarotdf.com.ar\/?p=82919","title":{"rendered":"RIO GRANDE : EL MUNICIPIO ACOMPA\u00d1\u00d3 A ESTUDIANTES DE LA ESCUELA N.\u00b0 44 EN UNA JORNADA DE EDUCACI\u00d3N VIAL"},"content":{"rendered":"<p><i>La iniciativa surgi\u00f3 a partir de un proyecto impulsado por estudiantes de 3.\u00b0 grado de la Escuela Provincial N.\u00b0 44 \u201cValientes de Malvinas\u201d, quienes trabajaron sobre la seguridad vial en los alrededores de la instituci\u00f3n. En respuesta a su propuesta, el Municipio de R\u00edo Grande llev\u00f3 adelante una jornada que combin\u00f3 aprendizaje, participaci\u00f3n y mejoras concretas en la se\u00f1alizaci\u00f3n del sector.<\/i><\/p>\n<p>Durante la jornada estuvieron presentes el secretario de Gesti\u00f3n Ciudadana, Gonzalo Ferro, junto a la directora de la instituci\u00f3n, docentes y familias de las y los estudiantes, quienes acompa\u00f1aron las distintas actividades desarrolladas.<\/p>\n<p>A trav\u00e9s de la Direcci\u00f3n de Tr\u00e1nsito, personal de Educaci\u00f3n Vial brind\u00f3 una charla destinada a las y los estudiantes, en la que se abordaron diferentes aspectos vinculados a la seguridad vial, la importancia de respetar las normas de tr\u00e1nsito y el cuidado de los espacios p\u00fablicos.<\/p>\n<p>La actividad dio continuidad al proyecto de feria de ciencias \u201cCaminos Seguros: de casa a la escuela\u201d, desarrollado por las y los alumnos durante el presente ciclo lectivo. En el marco de este trabajo, los estudiantes realizaron un relevamiento en los alrededores de la instituci\u00f3n, donde identificaron carteler\u00eda vandalizada, se\u00f1alizaci\u00f3n faltante y demarcaciones que requer\u00edan mantenimiento. A partir de lo relevado, el Municipio intervino en el sector para recuperar la se\u00f1alizaci\u00f3n afectada y dejarla nuevamente en condiciones adecuadas.<\/p>\n<p>A partir de estas observaciones y del pedido realizado por la comunidad educativa, el Municipio avanz\u00f3 con la renovaci\u00f3n e instalaci\u00f3n de carteler\u00eda y se\u00f1alizaci\u00f3n vial, entre ellas la correspondiente al estacionamiento exclusivo para personas con movilidad reducida y al cruce peatonal. Asimismo, se realizaron tareas de pintura del cord\u00f3n cuneta, de las cuales participaron activamente las y los estudiantes.<\/p>\n<p>En este marco, el secretario de Gesti\u00f3n Ciudadana, Gonzalo Ferro, destac\u00f3 la importancia de generar conciencia desde las infancias y afirm\u00f3: \u201cdesde la educaci\u00f3n a temprana edad construimos las bases para una ciudad segura con conductores responsables\u201d.<\/p>\n<p>Asimismo, sostuvo que \u201ceducar para prevenir es nuestro lema y trabajar con todas las instituciones educativas de la ciudad nos permite lograrlo\u201d.<\/p>\n<p>De esta manera, el Municipio de R\u00edo Grande contin\u00faa fortaleciendo el trabajo que lleva adelante de manera permanente junto a las instituciones educativas de la ciudad, promoviendo la educaci\u00f3n y la concientizaci\u00f3n vial desde las infancias. Estas acciones forman parte de una labor sostenida en las escuelas, que continuar\u00e1 desarroll\u00e1ndose con el objetivo de acompa\u00f1ar a las comunidades educativas y generar entornos cada vez m\u00e1s seguros para las y los estudiantes.<\/p>\n<p><img loading=\"lazy\" decoding=\"async\" class=\"alignnone size-medium wp-image-82921\" src=\"https:\/\/hablemosclarotdf.com.ar\/wp-content\/uploads\/2026\/08\/photo_2026-08-31_18-26-43-300x214.jpg\" alt=\"\" width=\"300\" height=\"214\" srcset=\"https:\/\/hablemosclarotdf.com.ar\/wp-content\/uploads\/2026\/08\/photo_2026-08-31_18-26-43-300x214.jpg 300w, https:\/\/hablemosclarotdf.com.ar\/wp-content\/uploads\/2026\/08\/photo_2026-08-31_18-26-43-1024x731.jpg 1024w, https:\/\/hablemosclarotdf.com.ar\/wp-content\/uploads\/2026\/08\/photo_2026-08-31_18-26-43-768x548.jpg 768w, https:\/\/hablemosclarotdf.com.ar\/wp-content\/uploads\/2026\/08\/photo_2026-08-31_18-26-43.jpg 1280w\" sizes=\"auto, (max-width: 300px) 100vw, 300px\" \/> <img loading=\"lazy\" decoding=\"async\" class=\"alignnone size-medium wp-image-82922\" src=\"https:\/\/hablemosclarotdf.com.ar\/wp-content\/uploads\/2026\/08\/photo_2026-08-31_18-26-54-300x214.jpg\" alt=\"\" width=\"300\" height=\"214\" srcset=\"https:\/\/hablemosclarotdf.com.ar\/wp-content\/uploads\/2026\/08\/photo_2026-08-31_18-26-54-300x214.jpg 300w, https:\/\/hablemosclarotdf.com.ar\/wp-content\/uploads\/2026\/08\/photo_2026-08-31_18-26-54-1024x731.jpg 1024w, https:\/\/hablemosclarotdf.com.ar\/wp-content\/uploads\/2026\/08\/photo_2026-08-31_18-26-54-768x548.jpg 768w, https:\/\/hablemosclarotdf.com.ar\/wp-content\/uploads\/2026\/08\/photo_2026-08-31_18-26-54.jpg 1280w\" sizes=\"auto, (max-width: 300px) 100vw, 300px\" \/> <img loading=\"lazy\" decoding=\"async\" class=\"alignnone size-medium wp-image-82923\" src=\"https:\/\/hablemosclarotdf.com.ar\/wp-content\/uploads\/2026\/08\/photo_2026-08-31_18-27-09-300x214.jpg\" alt=\"\" width=\"300\" height=\"214\" srcset=\"https:\/\/hablemosclarotdf.com.ar\/wp-content\/uploads\/2026\/08\/photo_2026-08-31_18-27-09-300x214.jpg 300w, https:\/\/hablemosclarotdf.com.ar\/wp-content\/uploads\/2026\/08\/photo_2026-08-31_18-27-09-1024x731.jpg 1024w, https:\/\/hablemosclarotdf.com.ar\/wp-content\/uploads\/2026\/08\/photo_2026-08-31_18-27-09-768x548.jpg 768w, https:\/\/hablemosclarotdf.com.ar\/wp-content\/uploads\/2026\/08\/photo_2026-08-31_18-27-09.jpg 1280w\" sizes=\"auto, (max-width: 300px) 100vw, 300px\" \/> <img loading=\"lazy\" decoding=\"async\" class=\"alignnone size-medium wp-image-82924\" src=\"https:\/\/hablemosclarotdf.com.ar\/wp-content\/uploads\/2026\/08\/photo_2026-08-31_18-27-15-300x200.jpg\" alt=\"\" width=\"300\" height=\"200\" srcset=\"https:\/\/hablemosclarotdf.com.ar\/wp-content\/uploads\/2026\/08\/photo_2026-08-31_18-27-15-300x200.jpg 300w, https:\/\/hablemosclarotdf.com.ar\/wp-content\/uploads\/2026\/08\/photo_2026-08-31_18-27-15-1024x684.jpg 1024w, https:\/\/hablemosclarotdf.com.ar\/wp-content\/uploads\/2026\/08\/photo_2026-08-31_18-27-15-768x513.jpg 768w, https:\/\/hablemosclarotdf.com.ar\/wp-content\/uploads\/2026\/08\/photo_2026-08-31_18-27-15.jpg 1280w\" sizes=\"auto, (max-width: 300px) 100vw, 300px\" \/><\/p>\n","protected":false},"excerpt":{"rendered":"<p>La iniciativa surgi\u00f3 a partir de un proyecto impulsado por estudiantes de 3.\u00b0 grado de&#8230;<\/p>\n","protected":false},"author":1,"featured_media":82920,"comment_status":"closed","ping_status":"closed","sticky":false,"template":"","format":"standard","meta":{"footnotes":""},"categories":[3],"tags":[],"class_list":["post-82919","post","type-post","status-publish","format-standard","has-post-thumbnail","hentry","category-noticias"],"jetpack_featured_media_url":"https:\/\/hablemosclarotdf.com.ar\/wp-content\/uploads\/2026\/08\/photo_2026-08-31_18-26-38.jpg","_links":{"self":[{"href":"https:\/\/hablemosclarotdf.com.ar\/index.php?rest_route=\/wp\/v2\/posts\/82919","targetHints":{"allow":["GET"]}}],"collection":[{"href":"https:\/\/hablemosclarotdf.com.ar\/index.php?rest_route=\/wp\/v2\/posts"}],"about":[{"href":"https:\/\/hablemosclarotdf.com.ar\/index.php?rest_route=\/wp\/v2\/types\/post"}],"author":[{"embeddable":true,"href":"https:\/\/hablemosclarotdf.com.ar\/index.php?rest_route=\/wp\/v2\/users\/1"}],"replies":[{"embeddable":true,"href":"https:\/\/hablemosclarotdf.com.ar\/index.php?rest_route=%2Fwp%2Fv2%2Fcomments&post=82919"}],"version-history":[{"count":1,"href":"https:\/\/hablemosclarotdf.com.ar\/index.php?rest_route=\/wp\/v2\/posts\/82919\/revisions"}],"predecessor-version":[{"id":82925,"href":"https:\/\/hablemosclarotdf.com.ar\/index.php?rest_route=\/wp\/v2\/posts\/82919\/revisions\/82925"}],"wp:featuredmedia":[{"embeddable":true,"href":"https:\/\/hablemosclarotdf.com.ar\/index.php?rest_route=\/wp\/v2\/media\/82920"}],"wp:attachment":[{"href":"https:\/\/hablemosclarotdf.com.ar\/index.php?rest_route=%2Fwp%2Fv2%2Fmedia&parent=82919"}],"wp:term":[{"taxonomy":"category","embeddable":true,"href":"https:\/\/hablemosclarotdf.com.ar\/index.php?rest_route=%2Fwp%2Fv2%2Fcategories&post=82919"},{"taxonomy":"post_tag","embeddable":true,"href":"https:\/\/hablemosclarotdf.com.ar\/index.php?rest_route=%2Fwp%2Fv2%2Ftags&post=82919"}],"curies":[{"name":"wp","href":"https:\/\/api.w.org\/{rel}","templated":true}]}}