{"id":82910,"date":"2026-08-31T18:24:04","date_gmt":"2026-08-31T21:24:04","guid":{"rendered":"https:\/\/hablemosclarotdf.com.ar\/?p=82910"},"modified":"2026-08-31T18:24:04","modified_gmt":"2026-08-31T21:24:04","slug":"ushuaia-el-municipio-firmo-el-contrato-para-pavimentar-la-calle-de-los-nires","status":"publish","type":"post","link":"https:\/\/hablemosclarotdf.com.ar\/?p=82910","title":{"rendered":"USHUAIA : EL MUNICIPIO  FIRM\u00d3 EL CONTRATO PARA PAVIMENTAR LA CALLE DE LOS \u00d1IRES"},"content":{"rendered":"<p>La Municipalidad de Ushuaia firm\u00f3 el contrato de obra p\u00fablica para la pavimentaci\u00f3n de la calle De Los \u00d1ires con la empresa Lisardo Canga S.A. La firma se realiz\u00f3 en la Jefatura de Gabinete y fue encabezada por la viceintendenta Gabriela Mu\u00f1iz Siccardi, con la participaci\u00f3n de vecinos y vecinas beneficiarios de la obra.<\/p>\n<p>Tambi\u00e9n estuvieron presentes la jefa de Gabinete, Y\u00e9sica Garay, la secretaria de Planificaci\u00f3n, Obras y Servicios P\u00fablicos, Carolina Yutrovic y la secretaria de Econom\u00eda y Finanzas, Araceli Oviedo.<\/p>\n<p>Durante el encuentro se brindaron precisiones y se respondieron consultas de los vecinos relacionadas con el inicio y la forma de llevar adelante la obra. Al respecto, Mu\u00f1iz Siccardi explic\u00f3 que \u201cse sacaron dudas que exist\u00edan relacionadas al inicio y a la forma de llevar adelante la obra. Ahora se inicia lo que es el proyecto ejecutivo que tiene que llevar adelante la empresa para que, luego de que est\u00e9 aprobado, se d\u00e9 inicio a las tareas propias en la calle De Los \u00d1ires. Se estima que los trabajos comenzar\u00e1n a realizarse en un plazo aproximado de 25 d\u00edas\u201d.<\/p>\n<p>La viceintendenta tambi\u00e9n destac\u00f3 el acompa\u00f1amiento de los vecinos y se\u00f1al\u00f3 que \u201cesperamos que se inicien los trabajos y que los vecinos beneficiarios se acerquen a la Municipalidad en caso de tener alguna duda con respecto a las formas y planes de pago de sus facturas. Estamos muy contentos por este paso\u201d.<\/p>\n<p>La firma del contrato se concret\u00f3 luego de que la Municipalidad alcanzara el 30% de recaudaci\u00f3n correspondiente al aporte que deb\u00edan realizar los vecinos beneficiarios de la obra.<\/p>\n<p>En ese sentido, la jefa de Gabinete, Y\u00e9sica Garay, destac\u00f3 el compromiso de los vecinos para hacer posible el avance de la obra y sostuvo que \u201cesperamos que este sea el puntapi\u00e9 para otras acciones conjuntas de contribuci\u00f3n por mejoras en la ciudad\u201d.<\/p>\n<p>En cuanto a los pagos, durante el mes de septiembre quienes cancelen el monto que les corresponde por la obra podr\u00e1n hacerlo sin intereses. A partir de octubre, con la obra en ejecuci\u00f3n, comenzar\u00e1n a aplicarse los intereses correspondientes.<\/p>\n<p>Desde la Municipalidad recordaron que los vecinos beneficiarios pueden acercarse para realizar consultas sobre las distintas modalidades y planes de pago.<\/p>\n<p><img loading=\"lazy\" decoding=\"async\" class=\"alignnone size-medium wp-image-82912\" src=\"https:\/\/hablemosclarotdf.com.ar\/wp-content\/uploads\/2026\/08\/photo_2026-08-31_18-23-10-300x200.jpg\" alt=\"\" width=\"300\" height=\"200\" srcset=\"https:\/\/hablemosclarotdf.com.ar\/wp-content\/uploads\/2026\/08\/photo_2026-08-31_18-23-10-300x200.jpg 300w, https:\/\/hablemosclarotdf.com.ar\/wp-content\/uploads\/2026\/08\/photo_2026-08-31_18-23-10-1024x682.jpg 1024w, https:\/\/hablemosclarotdf.com.ar\/wp-content\/uploads\/2026\/08\/photo_2026-08-31_18-23-10-768x512.jpg 768w, https:\/\/hablemosclarotdf.com.ar\/wp-content\/uploads\/2026\/08\/photo_2026-08-31_18-23-10.jpg 1280w\" sizes=\"auto, (max-width: 300px) 100vw, 300px\" \/> <img loading=\"lazy\" decoding=\"async\" class=\"alignnone size-medium wp-image-82913\" src=\"https:\/\/hablemosclarotdf.com.ar\/wp-content\/uploads\/2026\/08\/photo_2026-08-31_18-23-14-300x200.jpg\" alt=\"\" width=\"300\" height=\"200\" srcset=\"https:\/\/hablemosclarotdf.com.ar\/wp-content\/uploads\/2026\/08\/photo_2026-08-31_18-23-14-300x200.jpg 300w, https:\/\/hablemosclarotdf.com.ar\/wp-content\/uploads\/2026\/08\/photo_2026-08-31_18-23-14-1024x682.jpg 1024w, https:\/\/hablemosclarotdf.com.ar\/wp-content\/uploads\/2026\/08\/photo_2026-08-31_18-23-14-768x512.jpg 768w, https:\/\/hablemosclarotdf.com.ar\/wp-content\/uploads\/2026\/08\/photo_2026-08-31_18-23-14.jpg 1280w\" sizes=\"auto, (max-width: 300px) 100vw, 300px\" \/> <img loading=\"lazy\" decoding=\"async\" class=\"alignnone size-medium wp-image-82914\" src=\"https:\/\/hablemosclarotdf.com.ar\/wp-content\/uploads\/2026\/08\/photo_2026-08-31_18-23-18-300x200.jpg\" alt=\"\" width=\"300\" height=\"200\" srcset=\"https:\/\/hablemosclarotdf.com.ar\/wp-content\/uploads\/2026\/08\/photo_2026-08-31_18-23-18-300x200.jpg 300w, https:\/\/hablemosclarotdf.com.ar\/wp-content\/uploads\/2026\/08\/photo_2026-08-31_18-23-18-1024x682.jpg 1024w, https:\/\/hablemosclarotdf.com.ar\/wp-content\/uploads\/2026\/08\/photo_2026-08-31_18-23-18-768x512.jpg 768w, https:\/\/hablemosclarotdf.com.ar\/wp-content\/uploads\/2026\/08\/photo_2026-08-31_18-23-18.jpg 1280w\" sizes=\"auto, (max-width: 300px) 100vw, 300px\" \/><\/p>\n","protected":false},"excerpt":{"rendered":"<p>La Municipalidad de Ushuaia firm\u00f3 el contrato de obra p\u00fablica para la pavimentaci\u00f3n de la&#8230;<\/p>\n","protected":false},"author":1,"featured_media":82911,"comment_status":"closed","ping_status":"closed","sticky":false,"template":"","format":"standard","meta":{"footnotes":""},"categories":[3],"tags":[],"class_list":["post-82910","post","type-post","status-publish","format-standard","has-post-thumbnail","hentry","category-noticias"],"jetpack_featured_media_url":"https:\/\/hablemosclarotdf.com.ar\/wp-content\/uploads\/2026\/08\/photo_2026-08-31_18-23-06.jpg","_links":{"self":[{"href":"https:\/\/hablemosclarotdf.com.ar\/index.php?rest_route=\/wp\/v2\/posts\/82910","targetHints":{"allow":["GET"]}}],"collection":[{"href":"https:\/\/hablemosclarotdf.com.ar\/index.php?rest_route=\/wp\/v2\/posts"}],"about":[{"href":"https:\/\/hablemosclarotdf.com.ar\/index.php?rest_route=\/wp\/v2\/types\/post"}],"author":[{"embeddable":true,"href":"https:\/\/hablemosclarotdf.com.ar\/index.php?rest_route=\/wp\/v2\/users\/1"}],"replies":[{"embeddable":true,"href":"https:\/\/hablemosclarotdf.com.ar\/index.php?rest_route=%2Fwp%2Fv2%2Fcomments&post=82910"}],"version-history":[{"count":1,"href":"https:\/\/hablemosclarotdf.com.ar\/index.php?rest_route=\/wp\/v2\/posts\/82910\/revisions"}],"predecessor-version":[{"id":82915,"href":"https:\/\/hablemosclarotdf.com.ar\/index.php?rest_route=\/wp\/v2\/posts\/82910\/revisions\/82915"}],"wp:featuredmedia":[{"embeddable":true,"href":"https:\/\/hablemosclarotdf.com.ar\/index.php?rest_route=\/wp\/v2\/media\/82911"}],"wp:attachment":[{"href":"https:\/\/hablemosclarotdf.com.ar\/index.php?rest_route=%2Fwp%2Fv2%2Fmedia&parent=82910"}],"wp:term":[{"taxonomy":"category","embeddable":true,"href":"https:\/\/hablemosclarotdf.com.ar\/index.php?rest_route=%2Fwp%2Fv2%2Fcategories&post=82910"},{"taxonomy":"post_tag","embeddable":true,"href":"https:\/\/hablemosclarotdf.com.ar\/index.php?rest_route=%2Fwp%2Fv2%2Ftags&post=82910"}],"curies":[{"name":"wp","href":"https:\/\/api.w.org\/{rel}","templated":true}]}}