{"id":82906,"date":"2026-08-31T18:21:58","date_gmt":"2026-08-31T21:21:58","guid":{"rendered":"https:\/\/hablemosclarotdf.com.ar\/?p=82906"},"modified":"2026-08-31T18:21:58","modified_gmt":"2026-08-31T21:21:58","slug":"rio-grande-realizara-una-nueva-expo-academica-en-carrera-a-mi-proyecto-para-las-juventudes","status":"publish","type":"post","link":"https:\/\/hablemosclarotdf.com.ar\/?p=82906","title":{"rendered":"R\u00cdO GRANDE REALIZAR\u00c1 UNA NUEVA EXPO ACAD\u00c9MICA \u201cEN CARRERA A MI PROYECTO\u201d PARA LAS JUVENTUDES \u00a0"},"content":{"rendered":"<p><i>La propuesta se desarrollar\u00e1 los d\u00edas 1 y 2 de septiembre en el Polideportivo Alejandro \u201cGuata\u201d Navarro y reunir\u00e1 a universidades, terciarios, escuelas de oficios e institutos para que las juventudes exploren las distintas alternativas de formaci\u00f3n que existen en la ciudad.<\/i><\/p>\n<p>En el marco del Mes de las Juventudes, el Municipio de R\u00edo Grande, a trav\u00e9s de la Secretar\u00eda de Gesti\u00f3n Ciudadana, la Direcci\u00f3n de Juventudes y la Subsecretar\u00eda de Educaci\u00f3n, llevar\u00e1 adelante una nueva edici\u00f3n de la Expo Acad\u00e9mica \u201cEn Carrera a mi Proyecto\u201d, destinada a estudiantes de los \u00faltimos a\u00f1os del nivel secundario.<\/p>\n<p>La propuesta se desarrollar\u00e1 los d\u00edas 1 y 2 de septiembre, de 9 a 12 y de 14 a 17 horas, en el Polideportivo Alejandro \u201cGuata\u201d Navarro, donde las y los estudiantes podr\u00e1n conocer la oferta acad\u00e9mica y de formaci\u00f3n disponible en R\u00edo Grande, tanto del Municipio como de distintas instituciones educativas de la ciudad.<\/p>\n<p>Durante ambas jornadas, m\u00e1s de 20 universidades, institutos terciarios, escuelas de oficios y otras instituciones estar\u00e1n presentes con stands donde brindar\u00e1n informaci\u00f3n sobre sus carreras, propuestas formativas y alternativas de capacitaci\u00f3n.<\/p>\n<p>Como parte de esta edici\u00f3n, tambi\u00e9n se desarrollar\u00e1 un ciclo de charlas con profesionales y referentes de distintas instituciones, quienes compartir\u00e1n sus conocimientos, experiencias y recorridos formativos y laborales, acercando a las juventudes herramientas para pensar su futuro.<\/p>\n<p>Las charlas, que ser\u00e1n exclusivas para estudiantes y contar\u00e1n con la participaci\u00f3n de representantes de la Universidad Tecnol\u00f3gica Nacional (UTN), Centro Polit\u00e9cnico \u201cMalvinas Argentinas\u201d, IURP, UCES, CENT N.\u00ba 35, Instituto Superior del Profesorado R\u00edo Grande, ISES, Armada Argentina y Escuela de Polic\u00eda, entre otras instituciones.<\/p>\n<p>El Municipio invita a las y los j\u00f3venes de la ciudad a sumarse a esta propuesta y a las distintas actividades previstas durante el Mes de las Juventudes, fortaleciendo su participaci\u00f3n y reconociendo el rol fundamental que desempe\u00f1an en la construcci\u00f3n del presente y futuro de R\u00edo Grande.<\/p>\n<p><img loading=\"lazy\" decoding=\"async\" class=\"alignnone size-medium wp-image-82908\" src=\"https:\/\/hablemosclarotdf.com.ar\/wp-content\/uploads\/2026\/08\/photo_2026-08-31_18-21-14-300x200.jpg\" alt=\"\" width=\"300\" height=\"200\" srcset=\"https:\/\/hablemosclarotdf.com.ar\/wp-content\/uploads\/2026\/08\/photo_2026-08-31_18-21-14-300x200.jpg 300w, https:\/\/hablemosclarotdf.com.ar\/wp-content\/uploads\/2026\/08\/photo_2026-08-31_18-21-14-1024x682.jpg 1024w, https:\/\/hablemosclarotdf.com.ar\/wp-content\/uploads\/2026\/08\/photo_2026-08-31_18-21-14-768x512.jpg 768w, https:\/\/hablemosclarotdf.com.ar\/wp-content\/uploads\/2026\/08\/photo_2026-08-31_18-21-14.jpg 1280w\" sizes=\"auto, (max-width: 300px) 100vw, 300px\" \/><\/p>\n","protected":false},"excerpt":{"rendered":"<p>La propuesta se desarrollar\u00e1 los d\u00edas 1 y 2 de septiembre en el Polideportivo Alejandro&#8230;<\/p>\n","protected":false},"author":1,"featured_media":82907,"comment_status":"closed","ping_status":"closed","sticky":false,"template":"","format":"standard","meta":{"footnotes":""},"categories":[3],"tags":[],"class_list":["post-82906","post","type-post","status-publish","format-standard","has-post-thumbnail","hentry","category-noticias"],"jetpack_featured_media_url":"https:\/\/hablemosclarotdf.com.ar\/wp-content\/uploads\/2026\/08\/photo_2026-08-31_18-21-11.jpg","_links":{"self":[{"href":"https:\/\/hablemosclarotdf.com.ar\/index.php?rest_route=\/wp\/v2\/posts\/82906","targetHints":{"allow":["GET"]}}],"collection":[{"href":"https:\/\/hablemosclarotdf.com.ar\/index.php?rest_route=\/wp\/v2\/posts"}],"about":[{"href":"https:\/\/hablemosclarotdf.com.ar\/index.php?rest_route=\/wp\/v2\/types\/post"}],"author":[{"embeddable":true,"href":"https:\/\/hablemosclarotdf.com.ar\/index.php?rest_route=\/wp\/v2\/users\/1"}],"replies":[{"embeddable":true,"href":"https:\/\/hablemosclarotdf.com.ar\/index.php?rest_route=%2Fwp%2Fv2%2Fcomments&post=82906"}],"version-history":[{"count":1,"href":"https:\/\/hablemosclarotdf.com.ar\/index.php?rest_route=\/wp\/v2\/posts\/82906\/revisions"}],"predecessor-version":[{"id":82909,"href":"https:\/\/hablemosclarotdf.com.ar\/index.php?rest_route=\/wp\/v2\/posts\/82906\/revisions\/82909"}],"wp:featuredmedia":[{"embeddable":true,"href":"https:\/\/hablemosclarotdf.com.ar\/index.php?rest_route=\/wp\/v2\/media\/82907"}],"wp:attachment":[{"href":"https:\/\/hablemosclarotdf.com.ar\/index.php?rest_route=%2Fwp%2Fv2%2Fmedia&parent=82906"}],"wp:term":[{"taxonomy":"category","embeddable":true,"href":"https:\/\/hablemosclarotdf.com.ar\/index.php?rest_route=%2Fwp%2Fv2%2Fcategories&post=82906"},{"taxonomy":"post_tag","embeddable":true,"href":"https:\/\/hablemosclarotdf.com.ar\/index.php?rest_route=%2Fwp%2Fv2%2Ftags&post=82906"}],"curies":[{"name":"wp","href":"https:\/\/api.w.org\/{rel}","templated":true}]}}