{"id":82903,"date":"2026-08-31T11:40:25","date_gmt":"2026-08-31T14:40:25","guid":{"rendered":"https:\/\/hablemosclarotdf.com.ar\/?p=82903"},"modified":"2026-08-31T11:40:25","modified_gmt":"2026-08-31T14:40:25","slug":"finalizaron-las-instancias-locales-del-parlamento-juvenil-del-mercosur","status":"publish","type":"post","link":"https:\/\/hablemosclarotdf.com.ar\/?p=82903","title":{"rendered":"FINALIZARON LAS INSTANCIAS LOCALES DEL PARLAMENTO JUVENIL DEL MERCOSUR"},"content":{"rendered":"<p>La Secretar\u00eda de Pol\u00edticas para las Juventudes del Gobierno Provincial culmin\u00f3 las instancias locales del Parlamento Juvenil.<\/p>\n<p>Con m\u00e1s de 200 j\u00f3venes y docentes inscriptos en toda la provincia, finalizaron las instancias locales, donde j\u00f3venes y docentes desarrollaron instancias formativas en IA y uso de prompts, adem\u00e1s de comunicaci\u00f3n efectiva. En simult\u00e1neo, lograron debates constructivos en los ejes de: Equidad, Derecho y Diversidad; Identidad, Participaci\u00f3n y Comunidad; Formaci\u00f3n para el Futuro y Desarrollo Laboral; y Sostenibilidad, Cuidado del Entorno y Bienestar.<\/p>\n<p>Esta iniciativa del Gobierno de la Provincia de Tierra del Fuego AIAS se consolida como un espacio clave para el debate y la construcci\u00f3n ciudadana, permitiendo que las juventudes fueguinas eleven sus propuestas y visiones sobre la educaci\u00f3n secundaria a nivel provincial, con su posterior presentaci\u00f3n de un documento de pol\u00edticas de impacto en la Legislatura Provincial.<\/p>\n<p>El pr\u00f3ximo 12 de septiembre se desarrollar\u00e1 la instancia provincial en la ciudad de R\u00edo Grande, donde m\u00e1s de 200 j\u00f3venes y docentes culminar\u00e1n los criterios relevantes para la transformaci\u00f3n educativa, partiendo desde la voz de las juventudes como principales actores de cambio. En esta instancia, adem\u00e1s, se elegir\u00e1n a los 8 representantes provinciales que elevar\u00e1n dicho documento a la Legislatura Provincial. La jornada tendr\u00e1 lugar a las 13:30 horas en el Colegio Cmdte. Luis Piedrabuena, ubicado en Col\u00f3n 751.<\/p>\n<p>Desde la organizaci\u00f3n se recuerda a la comunidad educativa que el programa cuenta con la Declaraci\u00f3n Ministerial RES. M.ED. N\u00ba 1145\/26, reafirmando el compromiso del Estado provincial con la participaci\u00f3n democr\u00e1tica de las y los estudiantes.<\/p>\n<p>Las personas interesadas en formar parte de la propuesta podr\u00e1n comunicarse al WhatsApp 2964 35-8919.<\/p>\n","protected":false},"excerpt":{"rendered":"<p>La Secretar\u00eda de Pol\u00edticas para las Juventudes del Gobierno Provincial culmin\u00f3 las instancias locales del&#8230;<\/p>\n","protected":false},"author":1,"featured_media":82904,"comment_status":"closed","ping_status":"closed","sticky":false,"template":"","format":"standard","meta":{"footnotes":""},"categories":[3],"tags":[],"class_list":["post-82903","post","type-post","status-publish","format-standard","has-post-thumbnail","hentry","category-noticias"],"jetpack_featured_media_url":"https:\/\/hablemosclarotdf.com.ar\/wp-content\/uploads\/2026\/08\/photo_2026-08-31_11-40-01.jpg","_links":{"self":[{"href":"https:\/\/hablemosclarotdf.com.ar\/index.php?rest_route=\/wp\/v2\/posts\/82903","targetHints":{"allow":["GET"]}}],"collection":[{"href":"https:\/\/hablemosclarotdf.com.ar\/index.php?rest_route=\/wp\/v2\/posts"}],"about":[{"href":"https:\/\/hablemosclarotdf.com.ar\/index.php?rest_route=\/wp\/v2\/types\/post"}],"author":[{"embeddable":true,"href":"https:\/\/hablemosclarotdf.com.ar\/index.php?rest_route=\/wp\/v2\/users\/1"}],"replies":[{"embeddable":true,"href":"https:\/\/hablemosclarotdf.com.ar\/index.php?rest_route=%2Fwp%2Fv2%2Fcomments&post=82903"}],"version-history":[{"count":1,"href":"https:\/\/hablemosclarotdf.com.ar\/index.php?rest_route=\/wp\/v2\/posts\/82903\/revisions"}],"predecessor-version":[{"id":82905,"href":"https:\/\/hablemosclarotdf.com.ar\/index.php?rest_route=\/wp\/v2\/posts\/82903\/revisions\/82905"}],"wp:featuredmedia":[{"embeddable":true,"href":"https:\/\/hablemosclarotdf.com.ar\/index.php?rest_route=\/wp\/v2\/media\/82904"}],"wp:attachment":[{"href":"https:\/\/hablemosclarotdf.com.ar\/index.php?rest_route=%2Fwp%2Fv2%2Fmedia&parent=82903"}],"wp:term":[{"taxonomy":"category","embeddable":true,"href":"https:\/\/hablemosclarotdf.com.ar\/index.php?rest_route=%2Fwp%2Fv2%2Fcategories&post=82903"},{"taxonomy":"post_tag","embeddable":true,"href":"https:\/\/hablemosclarotdf.com.ar\/index.php?rest_route=%2Fwp%2Fv2%2Ftags&post=82903"}],"curies":[{"name":"wp","href":"https:\/\/api.w.org\/{rel}","templated":true}]}}