{"id":82891,"date":"2026-08-31T10:22:29","date_gmt":"2026-08-31T13:22:29","guid":{"rendered":"https:\/\/hablemosclarotdf.com.ar\/?p=82891"},"modified":"2026-08-31T10:22:29","modified_gmt":"2026-08-31T13:22:29","slug":"osef-y-la-fundacion-natali-dafne-flexer-unen-fuerzas-para-optimizar-la-atencion-y-contencion-de-ninos-de-tierra-del-fuego-con-cancer","status":"publish","type":"post","link":"https:\/\/hablemosclarotdf.com.ar\/?p=82891","title":{"rendered":"OSEF Y LA FUNDACI\u00d3N NATAL\u00cd DAFNE FLEXER UNEN FUERZAS PARA OPTIMIZAR LA ATENCI\u00d3N Y CONTENCI\u00d3N DE NI\u00d1OS DE TIERRA DEL FUEGO CON C\u00c1NCER"},"content":{"rendered":"<p>Con la firme convicci\u00f3n de que la salud y el bienestar de los ni\u00f1os, ni\u00f1as y adolescentes son una prioridad, autoridades de la Obra Social del Estado Fueguino (OSEF), el presidente Gustavo Garc\u00eda, vicepresidente Dr. Jorge Gim\u00e9nez, la directora por los activos, Adriana Soria; los integrantes del equipo t\u00e9cnico Dr. Mart\u00edn Vegh, Solange Juarez Stazzone y Romina Rivero se reunieron con la Lic. Ver\u00f3nica Pani y Edith Grynszpancholc, presidenta de la Fundaci\u00f3n Natal\u00ed Dafne Flexer, instituci\u00f3n de referencia nacional en la contenci\u00f3n y acompa\u00f1amiento del c\u00e1ncer infantil.<\/p>\n<p>La reuni\u00f3n marc\u00f3 el inicio de una colaboraci\u00f3n estrat\u00e9gica dise\u00f1ada para dar respuestas oportunas, humanas y eficientes a las familias fueguinas que atraviesan tratamientos oncol\u00f3gicos, tanto en la provincia como en los centros de alta complejidad del pa\u00eds.<\/p>\n<p>Esta alianza busca articular de manera directa la capacidad prestacional e institucional de OSEF con los programas de asistencia integral de la Fundaci\u00f3n Flexer.<\/p>\n<p>Entre los pilares centrales de esta uni\u00f3n se destacan:<\/p>\n<p>-Soporte y Contenci\u00f3n Familiar en Derivaciones.<br \/>\nApoyo para la agilizaci\u00f3n de tr\u00e1mites de hospedaje, soporte psicosocial y material de orientaci\u00f3n para las familias de Tierra del Fuego que deben viajar a Buenos Aires u otros centros urbanos para la atenci\u00f3n de sus hijos.<\/p>\n<p>-Agilizaci\u00f3n de Tr\u00e1mites y Gesti\u00f3n de Insumos:<br \/>\nTrabajar coordinadamente para simplificar la tramitaci\u00f3n administrativa, el acceso a medicaci\u00f3n espec\u00edfica y la provisi\u00f3n de insumos m\u00e9dicos para pacientes pedi\u00e1tricos en tratamiento.<\/p>\n<p>-Acompa\u00f1amiento Emocional y Recreativo:<br \/>\nGarantizar que los ni\u00f1os reciban contenci\u00f3n multidisciplinaria durante las etapas de diagn\u00f3stico, tratamiento y seguimiento.<\/p>\n<p>&#8220;El abordaje del c\u00e1ncer infantil requiere no solo de la excelencia m\u00e9dica, sino tambi\u00e9n de una red humana s\u00f3lida y eficiente. Coordinar acciones con la Fundaci\u00f3n Natal\u00ed Dafne Flexer nos permite asegurar que cada ni\u00f1o y cada familia fueguina cuente con el respaldo, la calidez y las herramientas necesarias en todo momento&#8221;, destacaron desde la conducci\u00f3n de OSEF.<\/p>\n<p>Con este acercamiento, la Obra Social del Estado Fueguino reafirma su compromiso con la salud p\u00fablica provincial y la humanizaci\u00f3n de la atenci\u00f3n m\u00e9dica, sumando el valor de organizaciones de reconocida trayectoria en beneficio directo de sus afiliados.<\/p>\n","protected":false},"excerpt":{"rendered":"<p>Con la firme convicci\u00f3n de que la salud y el bienestar de los ni\u00f1os, ni\u00f1as&#8230;<\/p>\n","protected":false},"author":1,"featured_media":82892,"comment_status":"closed","ping_status":"closed","sticky":false,"template":"","format":"standard","meta":{"footnotes":""},"categories":[3],"tags":[],"class_list":["post-82891","post","type-post","status-publish","format-standard","has-post-thumbnail","hentry","category-noticias"],"jetpack_featured_media_url":"https:\/\/hablemosclarotdf.com.ar\/wp-content\/uploads\/2026\/08\/photo_2026-08-31_10-22-01.jpg","_links":{"self":[{"href":"https:\/\/hablemosclarotdf.com.ar\/index.php?rest_route=\/wp\/v2\/posts\/82891","targetHints":{"allow":["GET"]}}],"collection":[{"href":"https:\/\/hablemosclarotdf.com.ar\/index.php?rest_route=\/wp\/v2\/posts"}],"about":[{"href":"https:\/\/hablemosclarotdf.com.ar\/index.php?rest_route=\/wp\/v2\/types\/post"}],"author":[{"embeddable":true,"href":"https:\/\/hablemosclarotdf.com.ar\/index.php?rest_route=\/wp\/v2\/users\/1"}],"replies":[{"embeddable":true,"href":"https:\/\/hablemosclarotdf.com.ar\/index.php?rest_route=%2Fwp%2Fv2%2Fcomments&post=82891"}],"version-history":[{"count":1,"href":"https:\/\/hablemosclarotdf.com.ar\/index.php?rest_route=\/wp\/v2\/posts\/82891\/revisions"}],"predecessor-version":[{"id":82893,"href":"https:\/\/hablemosclarotdf.com.ar\/index.php?rest_route=\/wp\/v2\/posts\/82891\/revisions\/82893"}],"wp:featuredmedia":[{"embeddable":true,"href":"https:\/\/hablemosclarotdf.com.ar\/index.php?rest_route=\/wp\/v2\/media\/82892"}],"wp:attachment":[{"href":"https:\/\/hablemosclarotdf.com.ar\/index.php?rest_route=%2Fwp%2Fv2%2Fmedia&parent=82891"}],"wp:term":[{"taxonomy":"category","embeddable":true,"href":"https:\/\/hablemosclarotdf.com.ar\/index.php?rest_route=%2Fwp%2Fv2%2Fcategories&post=82891"},{"taxonomy":"post_tag","embeddable":true,"href":"https:\/\/hablemosclarotdf.com.ar\/index.php?rest_route=%2Fwp%2Fv2%2Ftags&post=82891"}],"curies":[{"name":"wp","href":"https:\/\/api.w.org\/{rel}","templated":true}]}}