{"id":82852,"date":"2026-08-30T21:21:22","date_gmt":"2026-08-31T00:21:22","guid":{"rendered":"https:\/\/hablemosclarotdf.com.ar\/?p=82852"},"modified":"2026-08-30T21:21:22","modified_gmt":"2026-08-31T00:21:22","slug":"ushuaia-abren-las-inscripciones-al-taller-de-escultura-con-porcelana-fria","status":"publish","type":"post","link":"https:\/\/hablemosclarotdf.com.ar\/?p=82852","title":{"rendered":"USHUAIA : ABREN LAS INSCRIPCIONES AL TALLER DE ESCULTURA CON PORCELANA FR\u00cdA"},"content":{"rendered":"<p>La Secretar\u00eda de Pol\u00edticas Ambientales, Culturales y Educativas de la Municipalidad de Ushuaia informa a vecinos y vecinas que se encuentran abiertas las inscripciones al Taller de Escultura con Porcelana Fr\u00eda a cargo del profesor Omar Hirsig.<\/p>\n<p>Dicha propuesta, de nivel inicial, est\u00e1 destinada a mayores de 18 a\u00f1os y se dictar\u00e1 en los Talleres Culturales Municipales de calle Fagnano N\u00b0 486 los d\u00edas mi\u00e9rcoles de 17:00 a 19:00 horas. Qui\u00e9nes deseen inscribirse, podr\u00e1n hacerlo v\u00eda WhatsApp al 2901-400987.<\/p>\n<p>Desde la Municipalidad de Ushuaia se contin\u00faa fortaleciendo la oferta de talleres culturales en la ciudad, buscando brindarle a vecinos y vecinas de todas las edades espacios de aprendizaje y recreaci\u00f3n desde el \u00e1mbito art\u00edstico.<\/p>\n<p>Para conocer m\u00e1s sobre la propuesta de talleres culturales que la Municipalidad de Ushuaia impulsa, las y los interesados podr\u00e1n visitar las redes sociales de la Secretar\u00eda de Pol\u00edticas Ambientales, Culturales y Educativas en @AmbienteCulturaEducacion.Ush.<\/p>\n","protected":false},"excerpt":{"rendered":"<p>La Secretar\u00eda de Pol\u00edticas Ambientales, Culturales y Educativas de la Municipalidad de Ushuaia informa a&#8230;<\/p>\n","protected":false},"author":1,"featured_media":82853,"comment_status":"closed","ping_status":"closed","sticky":false,"template":"","format":"standard","meta":{"footnotes":""},"categories":[3],"tags":[],"class_list":["post-82852","post","type-post","status-publish","format-standard","has-post-thumbnail","hentry","category-noticias"],"jetpack_featured_media_url":"https:\/\/hablemosclarotdf.com.ar\/wp-content\/uploads\/2026\/08\/photo_2026-08-30_21-21-02.jpg","_links":{"self":[{"href":"https:\/\/hablemosclarotdf.com.ar\/index.php?rest_route=\/wp\/v2\/posts\/82852","targetHints":{"allow":["GET"]}}],"collection":[{"href":"https:\/\/hablemosclarotdf.com.ar\/index.php?rest_route=\/wp\/v2\/posts"}],"about":[{"href":"https:\/\/hablemosclarotdf.com.ar\/index.php?rest_route=\/wp\/v2\/types\/post"}],"author":[{"embeddable":true,"href":"https:\/\/hablemosclarotdf.com.ar\/index.php?rest_route=\/wp\/v2\/users\/1"}],"replies":[{"embeddable":true,"href":"https:\/\/hablemosclarotdf.com.ar\/index.php?rest_route=%2Fwp%2Fv2%2Fcomments&post=82852"}],"version-history":[{"count":1,"href":"https:\/\/hablemosclarotdf.com.ar\/index.php?rest_route=\/wp\/v2\/posts\/82852\/revisions"}],"predecessor-version":[{"id":82854,"href":"https:\/\/hablemosclarotdf.com.ar\/index.php?rest_route=\/wp\/v2\/posts\/82852\/revisions\/82854"}],"wp:featuredmedia":[{"embeddable":true,"href":"https:\/\/hablemosclarotdf.com.ar\/index.php?rest_route=\/wp\/v2\/media\/82853"}],"wp:attachment":[{"href":"https:\/\/hablemosclarotdf.com.ar\/index.php?rest_route=%2Fwp%2Fv2%2Fmedia&parent=82852"}],"wp:term":[{"taxonomy":"category","embeddable":true,"href":"https:\/\/hablemosclarotdf.com.ar\/index.php?rest_route=%2Fwp%2Fv2%2Fcategories&post=82852"},{"taxonomy":"post_tag","embeddable":true,"href":"https:\/\/hablemosclarotdf.com.ar\/index.php?rest_route=%2Fwp%2Fv2%2Ftags&post=82852"}],"curies":[{"name":"wp","href":"https:\/\/api.w.org\/{rel}","templated":true}]}}