{"id":82846,"date":"2026-08-30T19:28:07","date_gmt":"2026-08-30T22:28:07","guid":{"rendered":"https:\/\/hablemosclarotdf.com.ar\/?p=82846"},"modified":"2026-08-30T19:28:07","modified_gmt":"2026-08-30T22:28:07","slug":"el-centro-infantil-integrado-de-rio-grande-celebro-el-dia-de-las-infancias","status":"publish","type":"post","link":"https:\/\/hablemosclarotdf.com.ar\/?p=82846","title":{"rendered":"EL CENTRO INFANTIL INTEGRADO DE R\u00cdO GRANDE CELEBR\u00d3 EL D\u00cdA DE LAS INFANCIAS"},"content":{"rendered":"<p>La Secretar\u00eda de Ni\u00f1ez, Adolescencia y Familia, dependiente del Ministerio de Bienestar Ciudadano y Justicia, celebr\u00f3 el D\u00eda de las Infancias en el Centro Infantil Integrado de R\u00edo Grande.<\/p>\n<p>La jornada cont\u00f3 con juegos, actividades recreativas y momentos de diversi\u00f3n, de los que participaron ni\u00f1as, ni\u00f1os y sus familias. Adem\u00e1s, se compartieron regalos para acompa\u00f1ar esta fecha tan especial.<\/p>\n<p>Desde el Gobierno de la Provincia se contin\u00faa trabajando para acompa\u00f1ar y garantizar espacios de cuidado, contenci\u00f3n y disfrute para las infancias fueguinas.<\/p>\n","protected":false},"excerpt":{"rendered":"<p>La Secretar\u00eda de Ni\u00f1ez, Adolescencia y Familia, dependiente del Ministerio de Bienestar Ciudadano y Justicia,&#8230;<\/p>\n","protected":false},"author":1,"featured_media":82847,"comment_status":"closed","ping_status":"closed","sticky":false,"template":"","format":"standard","meta":{"footnotes":""},"categories":[3],"tags":[],"class_list":["post-82846","post","type-post","status-publish","format-standard","has-post-thumbnail","hentry","category-noticias"],"jetpack_featured_media_url":"https:\/\/hablemosclarotdf.com.ar\/wp-content\/uploads\/2026\/08\/photo_2026-08-30_19-27-44.jpg","_links":{"self":[{"href":"https:\/\/hablemosclarotdf.com.ar\/index.php?rest_route=\/wp\/v2\/posts\/82846","targetHints":{"allow":["GET"]}}],"collection":[{"href":"https:\/\/hablemosclarotdf.com.ar\/index.php?rest_route=\/wp\/v2\/posts"}],"about":[{"href":"https:\/\/hablemosclarotdf.com.ar\/index.php?rest_route=\/wp\/v2\/types\/post"}],"author":[{"embeddable":true,"href":"https:\/\/hablemosclarotdf.com.ar\/index.php?rest_route=\/wp\/v2\/users\/1"}],"replies":[{"embeddable":true,"href":"https:\/\/hablemosclarotdf.com.ar\/index.php?rest_route=%2Fwp%2Fv2%2Fcomments&post=82846"}],"version-history":[{"count":1,"href":"https:\/\/hablemosclarotdf.com.ar\/index.php?rest_route=\/wp\/v2\/posts\/82846\/revisions"}],"predecessor-version":[{"id":82848,"href":"https:\/\/hablemosclarotdf.com.ar\/index.php?rest_route=\/wp\/v2\/posts\/82846\/revisions\/82848"}],"wp:featuredmedia":[{"embeddable":true,"href":"https:\/\/hablemosclarotdf.com.ar\/index.php?rest_route=\/wp\/v2\/media\/82847"}],"wp:attachment":[{"href":"https:\/\/hablemosclarotdf.com.ar\/index.php?rest_route=%2Fwp%2Fv2%2Fmedia&parent=82846"}],"wp:term":[{"taxonomy":"category","embeddable":true,"href":"https:\/\/hablemosclarotdf.com.ar\/index.php?rest_route=%2Fwp%2Fv2%2Fcategories&post=82846"},{"taxonomy":"post_tag","embeddable":true,"href":"https:\/\/hablemosclarotdf.com.ar\/index.php?rest_route=%2Fwp%2Fv2%2Ftags&post=82846"}],"curies":[{"name":"wp","href":"https:\/\/api.w.org\/{rel}","templated":true}]}}