{"id":82829,"date":"2026-08-30T19:05:17","date_gmt":"2026-08-30T22:05:17","guid":{"rendered":"https:\/\/hablemosclarotdf.com.ar\/?p=82829"},"modified":"2026-08-30T19:05:17","modified_gmt":"2026-08-30T22:05:17","slug":"ushuaia-el-gobierno-de-la-provincia-y-el-municipio-de-ushuaia-avanzan-en-una-agenda-conjunta-para-mejorar-la-infraestructura-y-los-servicios","status":"publish","type":"post","link":"https:\/\/hablemosclarotdf.com.ar\/?p=82829","title":{"rendered":"USHUAIA : EL GOBIERNO DE LA PROVINCIA Y EL MUNICIPIO DE USHUAIA AVANZAN EN UNA AGENDA CONJUNTA PARA MEJORAR LA INFRAESTRUCTURA Y LOS SERVICIOS"},"content":{"rendered":"<p>_Funcionarios provinciales y municipales iniciaron mesas de trabajo t\u00e9cnicas para abordar problem\u00e1ticas vinculadas al desarrollo urbano, la infraestructura y la prestaci\u00f3n de servicios esenciales en distintos sectores de la ciudad._<\/p>\n<p>El Gobierno de la Provincia y la Municipalidad de Ushuaia pusieron en marcha mesas de trabajo conjuntas destinadas a abordar distintas problem\u00e1ticas relacionadas con el desarrollo y la consolidaci\u00f3n urbana de la ciudad. El objetivo es optimizar recursos, coordinar intervenciones y articular acciones que permitan mejorar las condiciones urbanas y la prestaci\u00f3n de los servicios esenciales.<\/p>\n<p>La primera reuni\u00f3n estuvo enfocada en cuestiones vinculadas al ordenamiento urbano y la infraestructura, con especial atenci\u00f3n en aspectos catastrales, trazas y consolidaci\u00f3n de calles, adem\u00e1s de las condiciones necesarias para avanzar en servicios como energ\u00eda el\u00e9ctrica, gas, agua y cloacas.<\/p>\n<p>La ministra de Energ\u00eda, Gabriela Castillo, destac\u00f3 la importancia de generar espacios de articulaci\u00f3n entre ambas jurisdicciones para avanzar sobre una agenda com\u00fan.<\/p>\n<p>\u201cMuchas de estas cuestiones, para poder desarrollar el servicio, necesitan claramente tener delimitaciones que tienen que ver con lo urbano, la traza, la consolidaci\u00f3n de calles y lo catastral\u201d, explic\u00f3.<\/p>\n<p>Castillo remarc\u00f3 adem\u00e1s que la participaci\u00f3n de las distintas \u00e1reas vinculadas con los servicios y la infraestructura permite analizar de manera integral las necesidades de los diferentes sectores de Ushuaia.<\/p>\n<p>\u201cVamos planteando una agenda conjunta para ver c\u00f3mo vamos subsanando problemas puntuales\u201d, se\u00f1al\u00f3.<\/p>\n<p>En relaci\u00f3n con la posibilidad de ejecutar obras de manera conjunta, la funcionaria aclar\u00f3 que el objetivo principal es avanzar en una planificaci\u00f3n coordinada. \u201cM\u00e1s que obras en conjunto, hablamos de obras articuladas, de un trabajo articulado en donde claramente podamos resolver y ambos podamos trabajar para mejorar las condiciones urbanas y las condiciones de servicios en los distintos puntos de la ciudad de Ushuaia\u201d, sostuvo.<\/p>\n<p>Por su parte, la jefa de Gabinete de la Municipalidad de Ushuaia, Y\u00e9sica Garay, valor\u00f3 el comienzo de las mesas t\u00e9cnicas y consider\u00f3 que representan una herramienta para atender las necesidades concretas de los vecinos.<\/p>\n<p>\u201cEs el puntapi\u00e9 y el camino que necesitamos hacia adelante, fusionar las dos gestiones para un resultado que vea la comunidad en lo cotidiano, sobre todo en los servicios y en todo lo que tiene que ver con la v\u00eda p\u00fablica\u201d, afirm\u00f3.<\/p>\n<p>Garay explic\u00f3 que uno de los objetivos ser\u00e1 planificar las obras de infraestructura y coordinar las intervenciones que requieran la participaci\u00f3n de distintos organismos. En ese sentido, se\u00f1al\u00f3 que resulta fundamental contemplar los servicios existentes antes de avanzar con determinadas obras.<\/p>\n<p>\u201cEs imposible pensar una obra si no est\u00e1s tocando algunos servicios, sean ca\u00f1er\u00edas, un nuevo tendido de electricidad, por ejemplo, en las calles\u201d, indic\u00f3.<\/p>\n<p>La funcionaria adelant\u00f3 que las mesas continuar\u00e1n trabajando sobre objetivos concretos y prioridades definidas, incorporando progresivamente otros ejes de inter\u00e9s para la comunidad, entre ellos ambiente, salud y asistencia social.<\/p>\n<p>Del encuentro participaron, por parte del Gobierno provincial, la ministra de Energ\u00eda, Gabriela Castillo; el ministro de Obras y Servicios P\u00fablicos, Mart\u00edn Moreyra; el presidente de la Direcci\u00f3n Provincial de Obras y Servicios Sanitarios, Cristian Pereyra; y el presidente a cargo de la Direcci\u00f3n Provincial de Energ\u00eda, Manuel \u00c1lvarez.<\/p>\n<p>En representaci\u00f3n de la Municipalidad de Ushuaia estuvieron presentes la jefa de Gabinete, Y\u00e9sica Garay; la secretaria de Planificaci\u00f3n, Obras y Servicios P\u00fablicos, Carolina Yutrovic; el secretario de Pol\u00edticas Ambientales, Culturales y Educativas, David Ferreyra; y la subsecretaria de Coordinaci\u00f3n y Gesti\u00f3n de la Obra P\u00fablica, arquitecta Irup\u00e9 Petrina.<\/p>\n<p>La iniciativa busca consolidar un esquema de trabajo coordinado entre Provincia y Municipio para definir prioridades, ordenar las intervenciones y avanzar en soluciones para distintos sectores de Ushuaia, con especial \u00e9nfasis en infraestructura, servicios y condiciones urbanas.<\/p>\n<p><img loading=\"lazy\" decoding=\"async\" class=\"alignnone size-medium wp-image-82831\" src=\"https:\/\/hablemosclarotdf.com.ar\/wp-content\/uploads\/2026\/08\/photo_2026-08-30_19-03-56-300x200.jpg\" alt=\"\" width=\"300\" height=\"200\" srcset=\"https:\/\/hablemosclarotdf.com.ar\/wp-content\/uploads\/2026\/08\/photo_2026-08-30_19-03-56-300x200.jpg 300w, https:\/\/hablemosclarotdf.com.ar\/wp-content\/uploads\/2026\/08\/photo_2026-08-30_19-03-56-1024x684.jpg 1024w, https:\/\/hablemosclarotdf.com.ar\/wp-content\/uploads\/2026\/08\/photo_2026-08-30_19-03-56-768x513.jpg 768w, https:\/\/hablemosclarotdf.com.ar\/wp-content\/uploads\/2026\/08\/photo_2026-08-30_19-03-56.jpg 1280w\" sizes=\"auto, (max-width: 300px) 100vw, 300px\" \/> <img loading=\"lazy\" decoding=\"async\" class=\"alignnone size-medium wp-image-82832\" src=\"https:\/\/hablemosclarotdf.com.ar\/wp-content\/uploads\/2026\/08\/photo_2026-08-30_19-04-02-300x200.jpg\" alt=\"\" width=\"300\" height=\"200\" srcset=\"https:\/\/hablemosclarotdf.com.ar\/wp-content\/uploads\/2026\/08\/photo_2026-08-30_19-04-02-300x200.jpg 300w, https:\/\/hablemosclarotdf.com.ar\/wp-content\/uploads\/2026\/08\/photo_2026-08-30_19-04-02-1024x682.jpg 1024w, https:\/\/hablemosclarotdf.com.ar\/wp-content\/uploads\/2026\/08\/photo_2026-08-30_19-04-02-768x512.jpg 768w, https:\/\/hablemosclarotdf.com.ar\/wp-content\/uploads\/2026\/08\/photo_2026-08-30_19-04-02.jpg 1280w\" sizes=\"auto, (max-width: 300px) 100vw, 300px\" \/> <img loading=\"lazy\" decoding=\"async\" class=\"alignnone size-medium wp-image-82833\" src=\"https:\/\/hablemosclarotdf.com.ar\/wp-content\/uploads\/2026\/08\/photo_2026-08-30_19-04-07-300x200.jpg\" alt=\"\" width=\"300\" height=\"200\" srcset=\"https:\/\/hablemosclarotdf.com.ar\/wp-content\/uploads\/2026\/08\/photo_2026-08-30_19-04-07-300x200.jpg 300w, https:\/\/hablemosclarotdf.com.ar\/wp-content\/uploads\/2026\/08\/photo_2026-08-30_19-04-07-1024x682.jpg 1024w, https:\/\/hablemosclarotdf.com.ar\/wp-content\/uploads\/2026\/08\/photo_2026-08-30_19-04-07-768x512.jpg 768w, https:\/\/hablemosclarotdf.com.ar\/wp-content\/uploads\/2026\/08\/photo_2026-08-30_19-04-07.jpg 1280w\" sizes=\"auto, (max-width: 300px) 100vw, 300px\" \/><\/p>\n","protected":false},"excerpt":{"rendered":"<p>_Funcionarios provinciales y municipales iniciaron mesas de trabajo t\u00e9cnicas para abordar problem\u00e1ticas vinculadas al desarrollo&#8230;<\/p>\n","protected":false},"author":1,"featured_media":82830,"comment_status":"closed","ping_status":"closed","sticky":false,"template":"","format":"standard","meta":{"footnotes":""},"categories":[3],"tags":[],"class_list":["post-82829","post","type-post","status-publish","format-standard","has-post-thumbnail","hentry","category-noticias"],"jetpack_featured_media_url":"https:\/\/hablemosclarotdf.com.ar\/wp-content\/uploads\/2026\/08\/photo_2026-08-30_19-03-49.jpg","_links":{"self":[{"href":"https:\/\/hablemosclarotdf.com.ar\/index.php?rest_route=\/wp\/v2\/posts\/82829","targetHints":{"allow":["GET"]}}],"collection":[{"href":"https:\/\/hablemosclarotdf.com.ar\/index.php?rest_route=\/wp\/v2\/posts"}],"about":[{"href":"https:\/\/hablemosclarotdf.com.ar\/index.php?rest_route=\/wp\/v2\/types\/post"}],"author":[{"embeddable":true,"href":"https:\/\/hablemosclarotdf.com.ar\/index.php?rest_route=\/wp\/v2\/users\/1"}],"replies":[{"embeddable":true,"href":"https:\/\/hablemosclarotdf.com.ar\/index.php?rest_route=%2Fwp%2Fv2%2Fcomments&post=82829"}],"version-history":[{"count":1,"href":"https:\/\/hablemosclarotdf.com.ar\/index.php?rest_route=\/wp\/v2\/posts\/82829\/revisions"}],"predecessor-version":[{"id":82834,"href":"https:\/\/hablemosclarotdf.com.ar\/index.php?rest_route=\/wp\/v2\/posts\/82829\/revisions\/82834"}],"wp:featuredmedia":[{"embeddable":true,"href":"https:\/\/hablemosclarotdf.com.ar\/index.php?rest_route=\/wp\/v2\/media\/82830"}],"wp:attachment":[{"href":"https:\/\/hablemosclarotdf.com.ar\/index.php?rest_route=%2Fwp%2Fv2%2Fmedia&parent=82829"}],"wp:term":[{"taxonomy":"category","embeddable":true,"href":"https:\/\/hablemosclarotdf.com.ar\/index.php?rest_route=%2Fwp%2Fv2%2Fcategories&post=82829"},{"taxonomy":"post_tag","embeddable":true,"href":"https:\/\/hablemosclarotdf.com.ar\/index.php?rest_route=%2Fwp%2Fv2%2Ftags&post=82829"}],"curies":[{"name":"wp","href":"https:\/\/api.w.org\/{rel}","templated":true}]}}