{"id":82804,"date":"2026-08-30T18:44:34","date_gmt":"2026-08-30T21:44:34","guid":{"rendered":"https:\/\/hablemosclarotdf.com.ar\/?p=82804"},"modified":"2026-08-30T18:44:34","modified_gmt":"2026-08-30T21:44:34","slug":"rio-grande-condolencias-46","status":"publish","type":"post","link":"https:\/\/hablemosclarotdf.com.ar\/?p=82804","title":{"rendered":"RIO GRANDE : CONDOLENCIAS"},"content":{"rendered":"<p>El intendente Mart\u00edn Perez, miembros del Gabinete y trabajadores municipales, manifiestan su m\u00e1s profundo pesar por el fallecimiento de nuestro querido vecino Fernando Perez.<\/p>\n<p>Fernando fue el segundo director que tuvo la Banda Municipal de M\u00fasica de R\u00edo Grande, dejando una profunda huella en quienes compartieron junto a \u00e9l el camino de la m\u00fasica y en cada presentaci\u00f3n de la Banda a lo largo de los a\u00f1os.<\/p>\n<p>El Intendente y trabajadores municipales hacen llegar su acompa\u00f1amiento a familiares y seres queridos en este dif\u00edcil momento, deseando que encuentren paz y consuelo.<\/p>\n","protected":false},"excerpt":{"rendered":"<p>El intendente Mart\u00edn Perez, miembros del Gabinete y trabajadores municipales, manifiestan su m\u00e1s profundo pesar&#8230;<\/p>\n","protected":false},"author":1,"featured_media":82805,"comment_status":"closed","ping_status":"closed","sticky":false,"template":"","format":"standard","meta":{"footnotes":""},"categories":[3],"tags":[],"class_list":["post-82804","post","type-post","status-publish","format-standard","has-post-thumbnail","hentry","category-noticias"],"jetpack_featured_media_url":"https:\/\/hablemosclarotdf.com.ar\/wp-content\/uploads\/2026\/08\/download-2.jpg","_links":{"self":[{"href":"https:\/\/hablemosclarotdf.com.ar\/index.php?rest_route=\/wp\/v2\/posts\/82804","targetHints":{"allow":["GET"]}}],"collection":[{"href":"https:\/\/hablemosclarotdf.com.ar\/index.php?rest_route=\/wp\/v2\/posts"}],"about":[{"href":"https:\/\/hablemosclarotdf.com.ar\/index.php?rest_route=\/wp\/v2\/types\/post"}],"author":[{"embeddable":true,"href":"https:\/\/hablemosclarotdf.com.ar\/index.php?rest_route=\/wp\/v2\/users\/1"}],"replies":[{"embeddable":true,"href":"https:\/\/hablemosclarotdf.com.ar\/index.php?rest_route=%2Fwp%2Fv2%2Fcomments&post=82804"}],"version-history":[{"count":1,"href":"https:\/\/hablemosclarotdf.com.ar\/index.php?rest_route=\/wp\/v2\/posts\/82804\/revisions"}],"predecessor-version":[{"id":82806,"href":"https:\/\/hablemosclarotdf.com.ar\/index.php?rest_route=\/wp\/v2\/posts\/82804\/revisions\/82806"}],"wp:featuredmedia":[{"embeddable":true,"href":"https:\/\/hablemosclarotdf.com.ar\/index.php?rest_route=\/wp\/v2\/media\/82805"}],"wp:attachment":[{"href":"https:\/\/hablemosclarotdf.com.ar\/index.php?rest_route=%2Fwp%2Fv2%2Fmedia&parent=82804"}],"wp:term":[{"taxonomy":"category","embeddable":true,"href":"https:\/\/hablemosclarotdf.com.ar\/index.php?rest_route=%2Fwp%2Fv2%2Fcategories&post=82804"},{"taxonomy":"post_tag","embeddable":true,"href":"https:\/\/hablemosclarotdf.com.ar\/index.php?rest_route=%2Fwp%2Fv2%2Ftags&post=82804"}],"curies":[{"name":"wp","href":"https:\/\/api.w.org\/{rel}","templated":true}]}}