{"id":73712,"date":"2026-05-01T16:18:40","date_gmt":"2026-05-01T19:18:40","guid":{"rendered":"https:\/\/hablemosclarotdf.com.ar\/?p=73712"},"modified":"2026-05-01T16:18:40","modified_gmt":"2026-05-01T19:18:40","slug":"rio-grande-comenzo-el-1-curso-de-las-propuestas-academicas-en-salud-2026","status":"publish","type":"post","link":"https:\/\/hablemosclarotdf.com.ar\/?p=73712","title":{"rendered":"RIO GRANDE : COMENZ\u00d3 EL 1\u00b0 CURSO DE LAS PROPUESTAS ACAD\u00c9MICAS EN SALUD 2026"},"content":{"rendered":"<p>\u201cSalud en infancias y adolescencias\u201d marca el inicio de las propuestas formativas para este a\u00f1o, la cual est\u00e1 dentro de la pol\u00edtica p\u00fablica de cuidado integral impulsada por la gesti\u00f3n del intendente Mart\u00edn Perez junto a la Universidad Nacional de La Plata (UNLP).<\/p>\n<p>El Municipio de R\u00edo Grande dio comienzo con el primer curso correspondiente a las propuestas acad\u00e9micas en salud 2026, denominado \u201cSalud en infancias y adolescencias\u201d, una iniciativa orientada a fortalecer la capacidad de la comunidad y de quienes se desempe\u00f1an en \u00e1mbitos vinculados al cuidado y acompa\u00f1amiento de ni\u00f1os, ni\u00f1as y adolescentes.<\/p>\n<p>Dicha propuesta se enmarca dentro de una pol\u00edtica p\u00fablica integral que impulsa la gesti\u00f3n municipal en pos de promover el acceso a herramientas de formaci\u00f3n que contribuyen a mejorar la calidad de vida de la poblaci\u00f3n, principalmente durante la gestaci\u00f3n, la infancia y la adolescencia.<\/p>\n<p>A trav\u00e9s de esta iniciativa, se busca generar instancias de reflexi\u00f3n, intercambio de saberes y actualizaci\u00f3n de conocimientos en torno a las problem\u00e1ticas actuales que atraviesan las infancias y adolescencias, entendiendo la salud desde una perspectiva integral, comunitaria y con enfoque de derechos.<\/p>\n<p>Cabe mencionar que el curso forma parte de una agenda m\u00e1s amplia de propuestas que el Municipio llevar\u00e1 adelante durante el a\u00f1o, con el objetivo de seguir consolidando una red de actores comprometidos con la promoci\u00f3n y prevenci\u00f3n en salud.<\/p>\n<p>De esta manera, el Estado Municipal reafirma su compromiso con el desarrollo de pol\u00edticas p\u00fablicas que prioricen el bienestar de las y los riograndenses, promoviendo el acceso a instancias de formaci\u00f3n y capacitaci\u00f3n, generando prevenci\u00f3n comunitaria mediante espacios de escucha, contenci\u00f3n y cuidado.<\/p>\n<p><img loading=\"lazy\" decoding=\"async\" class=\"alignnone size-medium wp-image-73714\" src=\"https:\/\/hablemosclarotdf.com.ar\/wp-content\/uploads\/2026\/05\/photo_2026-05-01_16-17-43-300x200.jpg\" alt=\"\" width=\"300\" height=\"200\" srcset=\"https:\/\/hablemosclarotdf.com.ar\/wp-content\/uploads\/2026\/05\/photo_2026-05-01_16-17-43-300x200.jpg 300w, https:\/\/hablemosclarotdf.com.ar\/wp-content\/uploads\/2026\/05\/photo_2026-05-01_16-17-43-1024x682.jpg 1024w, https:\/\/hablemosclarotdf.com.ar\/wp-content\/uploads\/2026\/05\/photo_2026-05-01_16-17-43-768x511.jpg 768w, https:\/\/hablemosclarotdf.com.ar\/wp-content\/uploads\/2026\/05\/photo_2026-05-01_16-17-43.jpg 1280w\" sizes=\"auto, (max-width: 300px) 100vw, 300px\" \/><\/p>\n","protected":false},"excerpt":{"rendered":"<p>\u201cSalud en infancias y adolescencias\u201d marca el inicio de las propuestas formativas para este a\u00f1o,&#8230;<\/p>\n","protected":false},"author":1,"featured_media":73713,"comment_status":"closed","ping_status":"closed","sticky":false,"template":"","format":"standard","meta":{"footnotes":""},"categories":[3],"tags":[],"class_list":["post-73712","post","type-post","status-publish","format-standard","has-post-thumbnail","hentry","category-noticias"],"jetpack_featured_media_url":"https:\/\/hablemosclarotdf.com.ar\/wp-content\/uploads\/2026\/05\/photo_2026-05-01_16-17-38.jpg","_links":{"self":[{"href":"https:\/\/hablemosclarotdf.com.ar\/index.php?rest_route=\/wp\/v2\/posts\/73712","targetHints":{"allow":["GET"]}}],"collection":[{"href":"https:\/\/hablemosclarotdf.com.ar\/index.php?rest_route=\/wp\/v2\/posts"}],"about":[{"href":"https:\/\/hablemosclarotdf.com.ar\/index.php?rest_route=\/wp\/v2\/types\/post"}],"author":[{"embeddable":true,"href":"https:\/\/hablemosclarotdf.com.ar\/index.php?rest_route=\/wp\/v2\/users\/1"}],"replies":[{"embeddable":true,"href":"https:\/\/hablemosclarotdf.com.ar\/index.php?rest_route=%2Fwp%2Fv2%2Fcomments&post=73712"}],"version-history":[{"count":1,"href":"https:\/\/hablemosclarotdf.com.ar\/index.php?rest_route=\/wp\/v2\/posts\/73712\/revisions"}],"predecessor-version":[{"id":73715,"href":"https:\/\/hablemosclarotdf.com.ar\/index.php?rest_route=\/wp\/v2\/posts\/73712\/revisions\/73715"}],"wp:featuredmedia":[{"embeddable":true,"href":"https:\/\/hablemosclarotdf.com.ar\/index.php?rest_route=\/wp\/v2\/media\/73713"}],"wp:attachment":[{"href":"https:\/\/hablemosclarotdf.com.ar\/index.php?rest_route=%2Fwp%2Fv2%2Fmedia&parent=73712"}],"wp:term":[{"taxonomy":"category","embeddable":true,"href":"https:\/\/hablemosclarotdf.com.ar\/index.php?rest_route=%2Fwp%2Fv2%2Fcategories&post=73712"},{"taxonomy":"post_tag","embeddable":true,"href":"https:\/\/hablemosclarotdf.com.ar\/index.php?rest_route=%2Fwp%2Fv2%2Ftags&post=73712"}],"curies":[{"name":"wp","href":"https:\/\/api.w.org\/{rel}","templated":true}]}}