{"id":73709,"date":"2026-05-01T15:43:37","date_gmt":"2026-05-01T18:43:37","guid":{"rendered":"https:\/\/hablemosclarotdf.com.ar\/?p=73709"},"modified":"2026-05-01T15:43:37","modified_gmt":"2026-05-01T18:43:37","slug":"rio-grande-defender-el-trabajo-hoy-es-defender-a-nuestro-pueblo","status":"publish","type":"post","link":"https:\/\/hablemosclarotdf.com.ar\/?p=73709","title":{"rendered":"RIO GRANDE : \u201cDEFENDER EL TRABAJO HOY ES DEFENDER A NUESTRO PUEBLO\u201d"},"content":{"rendered":"<p>En el marco del D\u00eda del Trabajador, el intendente Mart\u00edn Perez brind\u00f3 un mensaje con fuerte contenido pol\u00edtico y social, poniendo el foco en la defensa del empleo, la industria y el rol del Estado en un contexto de crisis.<\/p>\n<p>En una fecha cargada de significado, el intendente Mart\u00edn Perez dirigi\u00f3 un mensaje a las y los vecinos de R\u00edo Grande y de toda la provincia, donde combin\u00f3 reconocimiento, preocupaci\u00f3n y una clara definici\u00f3n pol\u00edtica frente al escenario actual.<\/p>\n<p>\u201cEn este D\u00eda del Trabajador, quiero hacer llegar mi reconocimiento a cada trabajador y trabajadora de R\u00edo Grande y de toda Tierra del Fuego. No es una fecha para palabras vac\u00edas. Es un d\u00eda para poner en valor a quienes, todos los d\u00edas, sostienen la producci\u00f3n, el comercio, los servicios, la salud, la educaci\u00f3n y, en definitiva, la vida de nuestra comunidad\u201d, expres\u00f3.<\/p>\n<p>En ese marco, el Intendente advirti\u00f3 sobre la delicada situaci\u00f3n que atraviesa el pa\u00eds y su impacto directo en la realidad local. \u201cEste 1\u00b0 de Mayo nos encuentra atravesando uno de los momentos m\u00e1s complejos de los \u00faltimos a\u00f1os. Vemos con enorme preocupaci\u00f3n c\u00f3mo el ajuste golpea a nuestros trabajadores y trabajadoras, con despidos, p\u00e9rdida de poder adquisitivo y un claro retroceso en materia de derechos conquistados\u201d, afirm\u00f3.<\/p>\n<p>Perez fue m\u00e1s all\u00e1 al se\u00f1alar que el contexto actual responde a decisiones pol\u00edticas concretas. \u201cEsta situaci\u00f3n no es producto del azar, sino de medidas que priorizan intereses ajenos al bienestar com\u00fan\u201d, sostuvo, marcando una posici\u00f3n cr\u00edtica sobre el rumbo econ\u00f3mico.<\/p>\n<p>En esa l\u00ednea, reforz\u00f3 una de las ideas centrales de su mensaje: la defensa del trabajo como eje estructural del desarrollo. \u201cEn un contexto complejo, donde crece la incertidumbre sobre el empleo y la industria, hay una convicci\u00f3n que debemos reafirmar con claridad: defender el trabajo fueguino es defender a nuestras familias y el futuro de nuestra provincia\u201d, subray\u00f3.<\/p>\n<p>El jefe comunal tambi\u00e9n destac\u00f3 la identidad productiva de la ciudad y el valor de su gente: \u201cR\u00edo Grande es lo que es gracias a su gente, a su cultura del trabajo, del esfuerzo y de la producci\u00f3n\u201d.<\/p>\n<p>Finalmente, Perez ratific\u00f3 el compromiso de su gesti\u00f3n con el empleo y el acompa\u00f1amiento a los trabajadores. \u201cHoy m\u00e1s que nunca necesitamos una comunidad organizada, solidaria y firme en la defensa del trabajo. No hay futuro posible sin trabajo digno, sin industria nacional y sin un Estado presente que cuide a su gente\u201d, expres\u00f3.<\/p>\n<p>Y concluy\u00f3 con una definici\u00f3n pol\u00edtica clara: \u201cEn R\u00edo Grande no miramos para otro lado. Vamos a seguir estando presentes: acompa\u00f1ando, gestionando y defendiendo cada puesto de trabajo, porque creemos en una ciudad con justicia social, inclusi\u00f3n y oportunidades para todos\u201d.<\/p>\n","protected":false},"excerpt":{"rendered":"<p>En el marco del D\u00eda del Trabajador, el intendente Mart\u00edn Perez brind\u00f3 un mensaje con&#8230;<\/p>\n","protected":false},"author":1,"featured_media":73710,"comment_status":"closed","ping_status":"closed","sticky":false,"template":"","format":"standard","meta":{"footnotes":""},"categories":[3],"tags":[],"class_list":["post-73709","post","type-post","status-publish","format-standard","has-post-thumbnail","hentry","category-noticias"],"jetpack_featured_media_url":"https:\/\/hablemosclarotdf.com.ar\/wp-content\/uploads\/2026\/05\/photo_2026-05-01_15-43-13.jpg","_links":{"self":[{"href":"https:\/\/hablemosclarotdf.com.ar\/index.php?rest_route=\/wp\/v2\/posts\/73709","targetHints":{"allow":["GET"]}}],"collection":[{"href":"https:\/\/hablemosclarotdf.com.ar\/index.php?rest_route=\/wp\/v2\/posts"}],"about":[{"href":"https:\/\/hablemosclarotdf.com.ar\/index.php?rest_route=\/wp\/v2\/types\/post"}],"author":[{"embeddable":true,"href":"https:\/\/hablemosclarotdf.com.ar\/index.php?rest_route=\/wp\/v2\/users\/1"}],"replies":[{"embeddable":true,"href":"https:\/\/hablemosclarotdf.com.ar\/index.php?rest_route=%2Fwp%2Fv2%2Fcomments&post=73709"}],"version-history":[{"count":1,"href":"https:\/\/hablemosclarotdf.com.ar\/index.php?rest_route=\/wp\/v2\/posts\/73709\/revisions"}],"predecessor-version":[{"id":73711,"href":"https:\/\/hablemosclarotdf.com.ar\/index.php?rest_route=\/wp\/v2\/posts\/73709\/revisions\/73711"}],"wp:featuredmedia":[{"embeddable":true,"href":"https:\/\/hablemosclarotdf.com.ar\/index.php?rest_route=\/wp\/v2\/media\/73710"}],"wp:attachment":[{"href":"https:\/\/hablemosclarotdf.com.ar\/index.php?rest_route=%2Fwp%2Fv2%2Fmedia&parent=73709"}],"wp:term":[{"taxonomy":"category","embeddable":true,"href":"https:\/\/hablemosclarotdf.com.ar\/index.php?rest_route=%2Fwp%2Fv2%2Fcategories&post=73709"},{"taxonomy":"post_tag","embeddable":true,"href":"https:\/\/hablemosclarotdf.com.ar\/index.php?rest_route=%2Fwp%2Fv2%2Ftags&post=73709"}],"curies":[{"name":"wp","href":"https:\/\/api.w.org\/{rel}","templated":true}]}}