{"id":73706,"date":"2026-05-01T13:51:13","date_gmt":"2026-05-01T16:51:13","guid":{"rendered":"https:\/\/hablemosclarotdf.com.ar\/?p=73706"},"modified":"2026-05-01T13:51:13","modified_gmt":"2026-05-01T16:51:13","slug":"rio-grande-disfruta-el-fin-de-semana-6","status":"publish","type":"post","link":"https:\/\/hablemosclarotdf.com.ar\/?p=73706","title":{"rendered":"RIO GRANDE : DISFRUTA EL FIN DE SEMANA"},"content":{"rendered":"<p>VISITA LA MUESTRA \u201cESTE SUELO NUESTRA PATRIA\u201d<\/p>\n<p>En el marco del Mes de Malvinas, las instituciones educativas y la comunidad en general, podr\u00e1n conocer de 9 a 17 horas la muestra \u201cEste suelo nuestra Patria\u201d y profundizar en la historia, la memoria y el significado de la causa Malvinas en el Museo Municipal \u201cVirginia Choquintel\u201d. La exposici\u00f3n estar\u00e1 abierta al p\u00fablico hasta el 15 de mayo.<\/p>\n<p>\u201cRGA ALIMENTOS\u201d EN EL PASEO CANTO DEL VIENTO<\/p>\n<p>El punto de venta, ubicado en Fagnano 650, abre sus puertas este s\u00e1bado de 10 a 20 horas; mientras que el domingo el horario ser\u00e1 de 10 a 13 horas. Durante el fin de semana los y las riograndenses podr\u00e1n adquirir tomates frescos de la marca local \u201cRGA Alimentos\u201d, as\u00ed como alimentos de productores locales como pescado, carne porcina, huevos y hortalizas.<\/p>\n<p>\u201cMERCADO DEL ATL\u00c1NTICO\u201d EN EL PASEO<\/p>\n<p>Este espacio, ubicado en Fagnano 650, atender\u00e1 este el s\u00e1bado y el domingo, desde las 16 hasta las 20 horas. All\u00ed la comunidad podr\u00e1 encontrar productos elaborados por emprendedores, artesanos y productores locales.<\/p>\n<p>DISFRUT\u00c1 DE LA CALESITA DE ZONA SUR<\/p>\n<p>Este divertido espacio destinado a la recreaci\u00f3n y entretenimiento de las infancias de la ciudad se encuentra ubicado en Rafaela Ishton y Tolhuin. La calesita estar\u00e1 abierta este s\u00e1bado y domingos, desde las 15:30 hasta las 19 horas, con entrada libre y gratuita. El funcionamiento de la misma est\u00e1 sujeta a las condiciones clim\u00e1ticas.<\/p>\n<p>VISITA EL PASEO CANTO DEL VIENTO<\/p>\n<p>Este s\u00e1bado y domingo, el Paseo \u201cCanto del Viento\u201d, ubicado en Fagnano 650, abrir\u00e1 sus puertas, de 16 a 20 horas, para que las vecinas y vecinos disfruten de un entretenido recorrido que incluye stands con emprendedores locales, artesanos y manualistas de nuestra ciudad.<\/p>\n<p>ACTO POR EL 44\u00ba ANIVERSARIO DEL HUNDIMIENTO DEL CRUCERO ARA GRAL. BELGRANO<\/p>\n<p>El acto ser\u00e1 este s\u00e1bado 2 de mayo en Av. Santa Fe entre Ushuaia y Houssay a las 16 horas. La ceremonia no s\u00f3lo honra la memoria de los ca\u00eddos, sino que tambi\u00e9n sirve como un espacio de reflexi\u00f3n sobre la importancia de la paz y la diplomacia en la resoluci\u00f3n de conflictos.<\/p>\n","protected":false},"excerpt":{"rendered":"<p>VISITA LA MUESTRA \u201cESTE SUELO NUESTRA PATRIA\u201d En el marco del Mes de Malvinas, las&#8230;<\/p>\n","protected":false},"author":1,"featured_media":73707,"comment_status":"closed","ping_status":"closed","sticky":false,"template":"","format":"standard","meta":{"footnotes":""},"categories":[3],"tags":[],"class_list":["post-73706","post","type-post","status-publish","format-standard","has-post-thumbnail","hentry","category-noticias"],"jetpack_featured_media_url":"https:\/\/hablemosclarotdf.com.ar\/wp-content\/uploads\/2026\/05\/photo_2026-05-01_13-50-55.jpg","_links":{"self":[{"href":"https:\/\/hablemosclarotdf.com.ar\/index.php?rest_route=\/wp\/v2\/posts\/73706","targetHints":{"allow":["GET"]}}],"collection":[{"href":"https:\/\/hablemosclarotdf.com.ar\/index.php?rest_route=\/wp\/v2\/posts"}],"about":[{"href":"https:\/\/hablemosclarotdf.com.ar\/index.php?rest_route=\/wp\/v2\/types\/post"}],"author":[{"embeddable":true,"href":"https:\/\/hablemosclarotdf.com.ar\/index.php?rest_route=\/wp\/v2\/users\/1"}],"replies":[{"embeddable":true,"href":"https:\/\/hablemosclarotdf.com.ar\/index.php?rest_route=%2Fwp%2Fv2%2Fcomments&post=73706"}],"version-history":[{"count":1,"href":"https:\/\/hablemosclarotdf.com.ar\/index.php?rest_route=\/wp\/v2\/posts\/73706\/revisions"}],"predecessor-version":[{"id":73708,"href":"https:\/\/hablemosclarotdf.com.ar\/index.php?rest_route=\/wp\/v2\/posts\/73706\/revisions\/73708"}],"wp:featuredmedia":[{"embeddable":true,"href":"https:\/\/hablemosclarotdf.com.ar\/index.php?rest_route=\/wp\/v2\/media\/73707"}],"wp:attachment":[{"href":"https:\/\/hablemosclarotdf.com.ar\/index.php?rest_route=%2Fwp%2Fv2%2Fmedia&parent=73706"}],"wp:term":[{"taxonomy":"category","embeddable":true,"href":"https:\/\/hablemosclarotdf.com.ar\/index.php?rest_route=%2Fwp%2Fv2%2Fcategories&post=73706"},{"taxonomy":"post_tag","embeddable":true,"href":"https:\/\/hablemosclarotdf.com.ar\/index.php?rest_route=%2Fwp%2Fv2%2Ftags&post=73706"}],"curies":[{"name":"wp","href":"https:\/\/api.w.org\/{rel}","templated":true}]}}