{"id":73701,"date":"2026-05-01T12:09:35","date_gmt":"2026-05-01T15:09:35","guid":{"rendered":"https:\/\/hablemosclarotdf.com.ar\/?p=73701"},"modified":"2026-05-01T12:11:47","modified_gmt":"2026-05-01T15:11:47","slug":"corte-programado-de-energia-en-ushuaia-para-vinculacion-de-nueva-set","status":"publish","type":"post","link":"https:\/\/hablemosclarotdf.com.ar\/?p=73701","title":{"rendered":"CORTE PROGRAMADO DE ENERG\u00cdA EN USHUAIA PARA VINCULACI\u00d3N DE NUEVA SET"},"content":{"rendered":"<p>La Direcci\u00f3n Provincial de Energ\u00eda informa que el pr\u00f3ximo s\u00e1bado 2 de mayo se llevar\u00e1 adelante un corte programado del servicio el\u00e9ctrico, en el horario de 8:00 hs a 14:00 hs.<\/p>\n<p>Los trabajos responden a la vinculaci\u00f3n de una nueva Subestaci\u00f3n Transformadora (SET) destinada a la alimentaci\u00f3n de los edificios Liberta, ubicados en calle Los \u00d1ires.<\/p>\n<p>Zonas afectadas:<\/p>\n<p>\u25cfCalle Los \u00d1ires y sectores aleda\u00f1os, desde Costa de los<\/p>\n<p>\u25cfY\u00e1manas hasta barrio Costa Susana.<\/p>\n<p>\u25cfBarrio Los Cauquenes.<\/p>\n<p>\u25cfBarrio Alto del Cauqu\u00e9n.<\/p>\n<p>\u25cfBarrios Terrazas I y II.<\/p>\n<p>\u25cfBarrio Ushuaia Chico.<\/p>\n<p>\u25cfBarrio Costa Susana.<\/p>\n<p>Se informa que la ejecuci\u00f3n de los trabajos estar\u00e1 sujeta a las condiciones clim\u00e1ticas.<\/p>\n<p>Sepan disculpar las molestias ocasionadas.<\/p>\n","protected":false},"excerpt":{"rendered":"<p>La Direcci\u00f3n Provincial de Energ\u00eda informa que el pr\u00f3ximo s\u00e1bado 2 de mayo se llevar\u00e1&#8230;<\/p>\n","protected":false},"author":1,"featured_media":73704,"comment_status":"closed","ping_status":"closed","sticky":false,"template":"","format":"standard","meta":{"footnotes":""},"categories":[3],"tags":[],"class_list":["post-73701","post","type-post","status-publish","format-standard","has-post-thumbnail","hentry","category-noticias"],"jetpack_featured_media_url":"https:\/\/hablemosclarotdf.com.ar\/wp-content\/uploads\/2026\/05\/photo_2026-05-01_12-11-28.jpg","_links":{"self":[{"href":"https:\/\/hablemosclarotdf.com.ar\/index.php?rest_route=\/wp\/v2\/posts\/73701","targetHints":{"allow":["GET"]}}],"collection":[{"href":"https:\/\/hablemosclarotdf.com.ar\/index.php?rest_route=\/wp\/v2\/posts"}],"about":[{"href":"https:\/\/hablemosclarotdf.com.ar\/index.php?rest_route=\/wp\/v2\/types\/post"}],"author":[{"embeddable":true,"href":"https:\/\/hablemosclarotdf.com.ar\/index.php?rest_route=\/wp\/v2\/users\/1"}],"replies":[{"embeddable":true,"href":"https:\/\/hablemosclarotdf.com.ar\/index.php?rest_route=%2Fwp%2Fv2%2Fcomments&post=73701"}],"version-history":[{"count":1,"href":"https:\/\/hablemosclarotdf.com.ar\/index.php?rest_route=\/wp\/v2\/posts\/73701\/revisions"}],"predecessor-version":[{"id":73702,"href":"https:\/\/hablemosclarotdf.com.ar\/index.php?rest_route=\/wp\/v2\/posts\/73701\/revisions\/73702"}],"wp:featuredmedia":[{"embeddable":true,"href":"https:\/\/hablemosclarotdf.com.ar\/index.php?rest_route=\/wp\/v2\/media\/73704"}],"wp:attachment":[{"href":"https:\/\/hablemosclarotdf.com.ar\/index.php?rest_route=%2Fwp%2Fv2%2Fmedia&parent=73701"}],"wp:term":[{"taxonomy":"category","embeddable":true,"href":"https:\/\/hablemosclarotdf.com.ar\/index.php?rest_route=%2Fwp%2Fv2%2Fcategories&post=73701"},{"taxonomy":"post_tag","embeddable":true,"href":"https:\/\/hablemosclarotdf.com.ar\/index.php?rest_route=%2Fwp%2Fv2%2Ftags&post=73701"}],"curies":[{"name":"wp","href":"https:\/\/api.w.org\/{rel}","templated":true}]}}