{"id":73697,"date":"2026-05-01T12:07:50","date_gmt":"2026-05-01T15:07:50","guid":{"rendered":"https:\/\/hablemosclarotdf.com.ar\/?p=73697"},"modified":"2026-05-01T12:07:50","modified_gmt":"2026-05-01T15:07:50","slug":"rio-grande-el-municipio-amplia-la-oferta-formativa-de-la-escuela-de-emprendendores","status":"publish","type":"post","link":"https:\/\/hablemosclarotdf.com.ar\/?p=73697","title":{"rendered":"RIO GRANDE : EL MUNICIPIO AMPL\u00cdA LA OFERTA FORMATIVA DE LA ESCUELA DE EMPRENDENDORES"},"content":{"rendered":"<p>La gesti\u00f3n municipal contin\u00faa fortaleciendo el entramado productivo local a trav\u00e9s de m\u00e1s formaci\u00f3n y acompa\u00f1amiento a emprendedores.<\/p>\n<p>El Municipio de R\u00edo Grande, a trav\u00e9s de la Direcci\u00f3n de Desarrollo Local, abre las inscripciones a nuevas propuestas formativas de la Escuela de Emprendedores, que incluyen capacitaciones en el rubro textil y una nueva edici\u00f3n del Nivel 3 del programa.<\/p>\n<p>En el marco de las pol\u00edticas p\u00fablicas orientadas a fortalecer el entramado productivo local, se suman instancias de formaci\u00f3n en indumentaria pensadas para distintos niveles: \u201cIndumentaria B\u00e1sica\u201d, para quienes inician su camino; \u201cIndumentaria Intermedia y Avanzada\u201d, destinada al perfeccionamiento t\u00e9cnico; e \u201cIndumentaria Folcl\u00f3rica\u201d, enfocada en la confecci\u00f3n de vestimenta tradicional.<\/p>\n<p>Estas propuestas integran la Ruta Formativa de la Escuela de Emprendedores y contemplan, adem\u00e1s, contenidos vinculados a costos, comercializaci\u00f3n y marketing, con el objetivo de acompa\u00f1ar el desarrollo de emprendimientos sostenibles y con proyecci\u00f3n.<\/p>\n<p>Asimismo, se encuentra abierta la inscripci\u00f3n al Nivel 3, denominado \u201cProyect\u00e1 tu Emprendimiento\u201d, una capacitaci\u00f3n online de tres meses de duraci\u00f3n, que se desarrollar\u00e1 de 14 a 16 horas. Est\u00e1 destinada a emprendedores y emprendedoras que buscan consolidar su modelo de negocio, optimizar procesos y proyectarse hacia nuevos mercados.<\/p>\n<p>La formaci\u00f3n aborda planificaci\u00f3n estrat\u00e9gica, innovaci\u00f3n, desarrollo de productos, comercializaci\u00f3n, generaci\u00f3n de alianzas, financiamiento y sostenibilidad, y culmina con la presentaci\u00f3n integral de cada emprendimiento.<\/p>\n<p>Las personas interesadas pueden inscribirse y obtener m\u00e1s informaci\u00f3n a trav\u00e9s de las redes oficiales del Municipio y del Portal Ciudadano.<\/p>\n<p>De esta manera, el Municipio contin\u00faa fortaleciendo la econom\u00eda local mediante herramientas concretas que acompa\u00f1an el crecimiento y la consolidaci\u00f3n de proyectos productivos en la ciudad.<\/p>\n<p><img loading=\"lazy\" decoding=\"async\" class=\"alignnone size-medium wp-image-73699\" src=\"https:\/\/hablemosclarotdf.com.ar\/wp-content\/uploads\/2026\/05\/photo_2026-05-01_12-06-02-300x225.jpg\" alt=\"\" width=\"300\" height=\"225\" srcset=\"https:\/\/hablemosclarotdf.com.ar\/wp-content\/uploads\/2026\/05\/photo_2026-05-01_12-06-02-300x225.jpg 300w, https:\/\/hablemosclarotdf.com.ar\/wp-content\/uploads\/2026\/05\/photo_2026-05-01_12-06-02-768x576.jpg 768w, https:\/\/hablemosclarotdf.com.ar\/wp-content\/uploads\/2026\/05\/photo_2026-05-01_12-06-02.jpg 1000w\" sizes=\"auto, (max-width: 300px) 100vw, 300px\" \/><\/p>\n","protected":false},"excerpt":{"rendered":"<p>La gesti\u00f3n municipal contin\u00faa fortaleciendo el entramado productivo local a trav\u00e9s de m\u00e1s formaci\u00f3n y&#8230;<\/p>\n","protected":false},"author":1,"featured_media":73698,"comment_status":"closed","ping_status":"closed","sticky":false,"template":"","format":"standard","meta":{"footnotes":""},"categories":[3],"tags":[],"class_list":["post-73697","post","type-post","status-publish","format-standard","has-post-thumbnail","hentry","category-noticias"],"jetpack_featured_media_url":"https:\/\/hablemosclarotdf.com.ar\/wp-content\/uploads\/2026\/05\/photo_2026-05-01_12-05-57.jpg","_links":{"self":[{"href":"https:\/\/hablemosclarotdf.com.ar\/index.php?rest_route=\/wp\/v2\/posts\/73697","targetHints":{"allow":["GET"]}}],"collection":[{"href":"https:\/\/hablemosclarotdf.com.ar\/index.php?rest_route=\/wp\/v2\/posts"}],"about":[{"href":"https:\/\/hablemosclarotdf.com.ar\/index.php?rest_route=\/wp\/v2\/types\/post"}],"author":[{"embeddable":true,"href":"https:\/\/hablemosclarotdf.com.ar\/index.php?rest_route=\/wp\/v2\/users\/1"}],"replies":[{"embeddable":true,"href":"https:\/\/hablemosclarotdf.com.ar\/index.php?rest_route=%2Fwp%2Fv2%2Fcomments&post=73697"}],"version-history":[{"count":1,"href":"https:\/\/hablemosclarotdf.com.ar\/index.php?rest_route=\/wp\/v2\/posts\/73697\/revisions"}],"predecessor-version":[{"id":73700,"href":"https:\/\/hablemosclarotdf.com.ar\/index.php?rest_route=\/wp\/v2\/posts\/73697\/revisions\/73700"}],"wp:featuredmedia":[{"embeddable":true,"href":"https:\/\/hablemosclarotdf.com.ar\/index.php?rest_route=\/wp\/v2\/media\/73698"}],"wp:attachment":[{"href":"https:\/\/hablemosclarotdf.com.ar\/index.php?rest_route=%2Fwp%2Fv2%2Fmedia&parent=73697"}],"wp:term":[{"taxonomy":"category","embeddable":true,"href":"https:\/\/hablemosclarotdf.com.ar\/index.php?rest_route=%2Fwp%2Fv2%2Fcategories&post=73697"},{"taxonomy":"post_tag","embeddable":true,"href":"https:\/\/hablemosclarotdf.com.ar\/index.php?rest_route=%2Fwp%2Fv2%2Ftags&post=73697"}],"curies":[{"name":"wp","href":"https:\/\/api.w.org\/{rel}","templated":true}]}}