{"id":73679,"date":"2026-04-30T19:18:21","date_gmt":"2026-04-30T22:18:21","guid":{"rendered":"https:\/\/hablemosclarotdf.com.ar\/?p=73679"},"modified":"2026-04-30T19:18:21","modified_gmt":"2026-04-30T22:18:21","slug":"ushuaia-el-municipio-acompanara-a-nicolas-ravassa-en-su-camino-al-campeonato-nacional-u20","status":"publish","type":"post","link":"https:\/\/hablemosclarotdf.com.ar\/?p=73679","title":{"rendered":"USHUAIA : EL MUNICIPIO  ACOMPA\u00d1AR\u00c1 A NICOL\u00c1S RAVASSA EN SU CAMINO AL CAMPEONATO NACIONAL U20"},"content":{"rendered":"<p>El intendente de Walter Vuoto recibi\u00f3 al joven atleta Nicol\u00e1s Ravassa, integrante de la Escuela Municipal de Atletismo, quien representar\u00e1 a la provincia de Tierra del Fuego en el Campeonato Nacional U20 de Atletismo que se llevar\u00e1 adelante el pr\u00f3ximo 9 de mayo en Concepci\u00f3n del Uruguay.<\/p>\n<p>Durante el encuentro, del que tambi\u00e9n particip\u00f3 la presidenta del Instituto Municipal de Deportes, Liliana Gavil\u00e1n, destacaron el esfuerzo, la dedicaci\u00f3n y el compromiso del deportista en su preparaci\u00f3n para esta importante competencia nacional.<\/p>\n<p>Desde el Municipio reafirmaron el acompa\u00f1amiento permanente al desarrollo deportivo de las y los j\u00f3venes de la ciudad, fortaleciendo las pol\u00edticas p\u00fablicas que promueven el crecimiento de talentos locales y generan nuevas oportunidades de proyecci\u00f3n a nivel provincial y nacional.<\/p>\n<p>Ravassa competir\u00e1 en la disciplina de lanzamiento de jabalina, llevando la bandera de Ushuaia y de toda la provincia en uno de los cert\u00e1menes m\u00e1s importantes del calendario atl\u00e9tico juvenil del pa\u00eds.<\/p>\n<p><img loading=\"lazy\" decoding=\"async\" class=\"alignnone size-medium wp-image-73681\" src=\"https:\/\/hablemosclarotdf.com.ar\/wp-content\/uploads\/2026\/04\/photo_2026-04-30_19-15-39-300x200.jpg\" alt=\"\" width=\"300\" height=\"200\" srcset=\"https:\/\/hablemosclarotdf.com.ar\/wp-content\/uploads\/2026\/04\/photo_2026-04-30_19-15-39-300x200.jpg 300w, https:\/\/hablemosclarotdf.com.ar\/wp-content\/uploads\/2026\/04\/photo_2026-04-30_19-15-39-1024x682.jpg 1024w, https:\/\/hablemosclarotdf.com.ar\/wp-content\/uploads\/2026\/04\/photo_2026-04-30_19-15-39-768x512.jpg 768w, https:\/\/hablemosclarotdf.com.ar\/wp-content\/uploads\/2026\/04\/photo_2026-04-30_19-15-39.jpg 1280w\" sizes=\"auto, (max-width: 300px) 100vw, 300px\" \/> <img loading=\"lazy\" decoding=\"async\" class=\"alignnone size-medium wp-image-73682\" src=\"https:\/\/hablemosclarotdf.com.ar\/wp-content\/uploads\/2026\/04\/photo_2026-04-30_19-15-53-300x200.jpg\" alt=\"\" width=\"300\" height=\"200\" srcset=\"https:\/\/hablemosclarotdf.com.ar\/wp-content\/uploads\/2026\/04\/photo_2026-04-30_19-15-53-300x200.jpg 300w, https:\/\/hablemosclarotdf.com.ar\/wp-content\/uploads\/2026\/04\/photo_2026-04-30_19-15-53-1024x682.jpg 1024w, https:\/\/hablemosclarotdf.com.ar\/wp-content\/uploads\/2026\/04\/photo_2026-04-30_19-15-53-768x512.jpg 768w, https:\/\/hablemosclarotdf.com.ar\/wp-content\/uploads\/2026\/04\/photo_2026-04-30_19-15-53.jpg 1280w\" sizes=\"auto, (max-width: 300px) 100vw, 300px\" \/><\/p>\n","protected":false},"excerpt":{"rendered":"<p>El intendente de Walter Vuoto recibi\u00f3 al joven atleta Nicol\u00e1s Ravassa, integrante de la Escuela&#8230;<\/p>\n","protected":false},"author":1,"featured_media":73680,"comment_status":"closed","ping_status":"closed","sticky":false,"template":"","format":"standard","meta":{"footnotes":""},"categories":[3],"tags":[],"class_list":["post-73679","post","type-post","status-publish","format-standard","has-post-thumbnail","hentry","category-noticias"],"jetpack_featured_media_url":"https:\/\/hablemosclarotdf.com.ar\/wp-content\/uploads\/2026\/04\/photo_2026-04-30_19-15-30.jpg","_links":{"self":[{"href":"https:\/\/hablemosclarotdf.com.ar\/index.php?rest_route=\/wp\/v2\/posts\/73679","targetHints":{"allow":["GET"]}}],"collection":[{"href":"https:\/\/hablemosclarotdf.com.ar\/index.php?rest_route=\/wp\/v2\/posts"}],"about":[{"href":"https:\/\/hablemosclarotdf.com.ar\/index.php?rest_route=\/wp\/v2\/types\/post"}],"author":[{"embeddable":true,"href":"https:\/\/hablemosclarotdf.com.ar\/index.php?rest_route=\/wp\/v2\/users\/1"}],"replies":[{"embeddable":true,"href":"https:\/\/hablemosclarotdf.com.ar\/index.php?rest_route=%2Fwp%2Fv2%2Fcomments&post=73679"}],"version-history":[{"count":1,"href":"https:\/\/hablemosclarotdf.com.ar\/index.php?rest_route=\/wp\/v2\/posts\/73679\/revisions"}],"predecessor-version":[{"id":73683,"href":"https:\/\/hablemosclarotdf.com.ar\/index.php?rest_route=\/wp\/v2\/posts\/73679\/revisions\/73683"}],"wp:featuredmedia":[{"embeddable":true,"href":"https:\/\/hablemosclarotdf.com.ar\/index.php?rest_route=\/wp\/v2\/media\/73680"}],"wp:attachment":[{"href":"https:\/\/hablemosclarotdf.com.ar\/index.php?rest_route=%2Fwp%2Fv2%2Fmedia&parent=73679"}],"wp:term":[{"taxonomy":"category","embeddable":true,"href":"https:\/\/hablemosclarotdf.com.ar\/index.php?rest_route=%2Fwp%2Fv2%2Fcategories&post=73679"},{"taxonomy":"post_tag","embeddable":true,"href":"https:\/\/hablemosclarotdf.com.ar\/index.php?rest_route=%2Fwp%2Fv2%2Ftags&post=73679"}],"curies":[{"name":"wp","href":"https:\/\/api.w.org\/{rel}","templated":true}]}}