{"id":73653,"date":"2026-04-30T14:43:13","date_gmt":"2026-04-30T17:43:13","guid":{"rendered":"https:\/\/hablemosclarotdf.com.ar\/?p=73653"},"modified":"2026-04-30T14:43:13","modified_gmt":"2026-04-30T17:43:13","slug":"gobierno-reabrio-el-centro-infantil-integrado-en-rio-grande-con-instalaciones-totalmente-renovadas","status":"publish","type":"post","link":"https:\/\/hablemosclarotdf.com.ar\/?p=73653","title":{"rendered":"GOBIERNO REABRI\u00d3 EL CENTRO INFANTIL INTEGRADO EN R\u00cdO GRANDE CON INSTALACIONES TOTALMENTE RENOVADAS"},"content":{"rendered":"<p>Con instalaciones totalmente renovadas, el Centro Infantil Integrado volvi\u00f3 a abrir sus puertas y ya recibe a familias, dando continuidad a una pol\u00edtica de cuidado con 40 a\u00f1os en la ciudad. Desde una mirada integral, el espacio acompa\u00f1a a ni\u00f1os y ni\u00f1as desde los primeros meses de vida y trabaja junto a sus familias en el cuidado, la salud y la alimentaci\u00f3n.<\/p>\n<p>Sobre esto, la directora general de Centros de Cuidado, Gabriela Piermateo expres\u00f3 que \u201ces una gran alegr\u00eda reencontrarnos con el edificio hist\u00f3rico en donde siempre funcion\u00f3 el centro infantil\u201d, y agreg\u00f3: \u201cPor suerte recibimos un edificio completamente remodelado, con cambios que hac\u00edan falta, teniendo en cuenta que la instituci\u00f3n tiene 40 a\u00f1os de historia y es la primera vez que fue intervenido integralmente y en su totalidad\u201d.<\/p>\n<p>En cuanto al rol del centro, remarc\u00f3 que no se trata solo de un espacio de cuidado, sino de una pol\u00edtica p\u00fablica con enfoque integral, y explic\u00f3 que \u201cnosotros formamos parte del organismo de protecci\u00f3n de derechos como un cuidado integral\u201d. En este sentido, destac\u00f3 que \u201ctenemos la ventaja de recibir a los ni\u00f1os desde los primeros d\u00edas y trabajar en la prevenci\u00f3n, desde la salud, el cuidado y el acompa\u00f1amiento a las familias\u201d.<\/p>\n<p>Asimismo, subray\u00f3 que el equipo cumple tambi\u00e9n un rol clave en la detecci\u00f3n temprana de situaciones complejas: \u201csomos muchas veces el primer contacto con esas problem\u00e1ticas, y si hace falta podemos trabajar en red con otros espacios que acompa\u00f1an a las familias\u201d.<\/p>\n<p>El Centro est\u00e1 pensado para el cuidado, la contenci\u00f3n y la estimulaci\u00f3n temprana de ni\u00f1os y ni\u00f1as desde los 45 d\u00edas hasta los 3 a\u00f1os, y ofrece jornada con desayuno y almuerzo incluidos: \u201cLos ni\u00f1os pueden estar desde las 8 de la ma\u00f1ana hasta las 14 horas, y nuestra intenci\u00f3n es poder ampliar ese horario m\u00e1s adelante\u201d, sum\u00f3.<\/p>\n<p>Cabe resaltar que, en esta primera etapa, el funcionamiento ser\u00e1 gradual, cont\u00f3 Piermateo y dijo que \u201cestamos empezando de a poquito, viendo c\u00f3mo se acomoda todo\u201d.<\/p>\n<p>En relaci\u00f3n al proceso de recepci\u00f3n de las familias, la responsable se\u00f1al\u00f3 que \u201cel \u00e1rea social ya est\u00e1 trabajando en la recepci\u00f3n de mam\u00e1s, pap\u00e1s y adultos responsables\u201d y a\u00f1adi\u00f3 que \u201cen ese marco, se hacen entrevistas para conocer la din\u00e1mica familiar y tambi\u00e9n desde el \u00e1rea de salud para evaluar las condiciones de cada ni\u00f1o o ni\u00f1a\u201d.<\/p>\n<p>Finalmente, la directora extendi\u00f3 la invitaci\u00f3n a la comunidad: \u201ctodo aquel que quiera venir y averiguar cu\u00e1l es la posibilidad de ingreso, que lo haga. Tenemos las puertas abiertas\u201d, expres\u00f3, y precis\u00f3 que la atenci\u00f3n se realiza de 8 a 13 h. para poder llevar adelante las entrevistas correspondientes.<\/p>\n<p><img loading=\"lazy\" decoding=\"async\" class=\"alignnone size-medium wp-image-73655\" src=\"https:\/\/hablemosclarotdf.com.ar\/wp-content\/uploads\/2026\/04\/photo_2026-04-30_14-41-33-300x200.jpg\" alt=\"\" width=\"300\" height=\"200\" srcset=\"https:\/\/hablemosclarotdf.com.ar\/wp-content\/uploads\/2026\/04\/photo_2026-04-30_14-41-33-300x200.jpg 300w, https:\/\/hablemosclarotdf.com.ar\/wp-content\/uploads\/2026\/04\/photo_2026-04-30_14-41-33-1024x683.jpg 1024w, https:\/\/hablemosclarotdf.com.ar\/wp-content\/uploads\/2026\/04\/photo_2026-04-30_14-41-33-768x512.jpg 768w, https:\/\/hablemosclarotdf.com.ar\/wp-content\/uploads\/2026\/04\/photo_2026-04-30_14-41-33.jpg 1280w\" sizes=\"auto, (max-width: 300px) 100vw, 300px\" \/> <img loading=\"lazy\" decoding=\"async\" class=\"alignnone size-medium wp-image-73656\" src=\"https:\/\/hablemosclarotdf.com.ar\/wp-content\/uploads\/2026\/04\/photo_2026-04-30_14-41-37-300x200.jpg\" alt=\"\" width=\"300\" height=\"200\" srcset=\"https:\/\/hablemosclarotdf.com.ar\/wp-content\/uploads\/2026\/04\/photo_2026-04-30_14-41-37-300x200.jpg 300w, https:\/\/hablemosclarotdf.com.ar\/wp-content\/uploads\/2026\/04\/photo_2026-04-30_14-41-37-1024x683.jpg 1024w, https:\/\/hablemosclarotdf.com.ar\/wp-content\/uploads\/2026\/04\/photo_2026-04-30_14-41-37-768x512.jpg 768w, https:\/\/hablemosclarotdf.com.ar\/wp-content\/uploads\/2026\/04\/photo_2026-04-30_14-41-37.jpg 1280w\" sizes=\"auto, (max-width: 300px) 100vw, 300px\" \/> <img loading=\"lazy\" decoding=\"async\" class=\"alignnone size-medium wp-image-73657\" src=\"https:\/\/hablemosclarotdf.com.ar\/wp-content\/uploads\/2026\/04\/photo_2026-04-30_14-41-43-300x200.jpg\" alt=\"\" width=\"300\" height=\"200\" srcset=\"https:\/\/hablemosclarotdf.com.ar\/wp-content\/uploads\/2026\/04\/photo_2026-04-30_14-41-43-300x200.jpg 300w, https:\/\/hablemosclarotdf.com.ar\/wp-content\/uploads\/2026\/04\/photo_2026-04-30_14-41-43-1024x683.jpg 1024w, https:\/\/hablemosclarotdf.com.ar\/wp-content\/uploads\/2026\/04\/photo_2026-04-30_14-41-43-768x512.jpg 768w, https:\/\/hablemosclarotdf.com.ar\/wp-content\/uploads\/2026\/04\/photo_2026-04-30_14-41-43.jpg 1280w\" sizes=\"auto, (max-width: 300px) 100vw, 300px\" \/> <img loading=\"lazy\" decoding=\"async\" class=\"alignnone size-medium wp-image-73658\" src=\"https:\/\/hablemosclarotdf.com.ar\/wp-content\/uploads\/2026\/04\/photo_2026-04-30_14-41-49-300x200.jpg\" alt=\"\" width=\"300\" height=\"200\" srcset=\"https:\/\/hablemosclarotdf.com.ar\/wp-content\/uploads\/2026\/04\/photo_2026-04-30_14-41-49-300x200.jpg 300w, https:\/\/hablemosclarotdf.com.ar\/wp-content\/uploads\/2026\/04\/photo_2026-04-30_14-41-49-1024x683.jpg 1024w, https:\/\/hablemosclarotdf.com.ar\/wp-content\/uploads\/2026\/04\/photo_2026-04-30_14-41-49-768x512.jpg 768w, https:\/\/hablemosclarotdf.com.ar\/wp-content\/uploads\/2026\/04\/photo_2026-04-30_14-41-49.jpg 1280w\" sizes=\"auto, (max-width: 300px) 100vw, 300px\" \/> <img loading=\"lazy\" decoding=\"async\" class=\"alignnone size-medium wp-image-73659\" src=\"https:\/\/hablemosclarotdf.com.ar\/wp-content\/uploads\/2026\/04\/photo_2026-04-30_14-41-57-300x200.jpg\" alt=\"\" width=\"300\" height=\"200\" srcset=\"https:\/\/hablemosclarotdf.com.ar\/wp-content\/uploads\/2026\/04\/photo_2026-04-30_14-41-57-300x200.jpg 300w, https:\/\/hablemosclarotdf.com.ar\/wp-content\/uploads\/2026\/04\/photo_2026-04-30_14-41-57-1024x683.jpg 1024w, https:\/\/hablemosclarotdf.com.ar\/wp-content\/uploads\/2026\/04\/photo_2026-04-30_14-41-57-768x512.jpg 768w, https:\/\/hablemosclarotdf.com.ar\/wp-content\/uploads\/2026\/04\/photo_2026-04-30_14-41-57.jpg 1280w\" sizes=\"auto, (max-width: 300px) 100vw, 300px\" \/><\/p>\n","protected":false},"excerpt":{"rendered":"<p>Con instalaciones totalmente renovadas, el Centro Infantil Integrado volvi\u00f3 a abrir sus puertas y ya&#8230;<\/p>\n","protected":false},"author":1,"featured_media":73654,"comment_status":"closed","ping_status":"closed","sticky":false,"template":"","format":"standard","meta":{"footnotes":""},"categories":[3],"tags":[],"class_list":["post-73653","post","type-post","status-publish","format-standard","has-post-thumbnail","hentry","category-noticias"],"jetpack_featured_media_url":"https:\/\/hablemosclarotdf.com.ar\/wp-content\/uploads\/2026\/04\/photo_2026-04-30_14-41-29.jpg","_links":{"self":[{"href":"https:\/\/hablemosclarotdf.com.ar\/index.php?rest_route=\/wp\/v2\/posts\/73653","targetHints":{"allow":["GET"]}}],"collection":[{"href":"https:\/\/hablemosclarotdf.com.ar\/index.php?rest_route=\/wp\/v2\/posts"}],"about":[{"href":"https:\/\/hablemosclarotdf.com.ar\/index.php?rest_route=\/wp\/v2\/types\/post"}],"author":[{"embeddable":true,"href":"https:\/\/hablemosclarotdf.com.ar\/index.php?rest_route=\/wp\/v2\/users\/1"}],"replies":[{"embeddable":true,"href":"https:\/\/hablemosclarotdf.com.ar\/index.php?rest_route=%2Fwp%2Fv2%2Fcomments&post=73653"}],"version-history":[{"count":1,"href":"https:\/\/hablemosclarotdf.com.ar\/index.php?rest_route=\/wp\/v2\/posts\/73653\/revisions"}],"predecessor-version":[{"id":73660,"href":"https:\/\/hablemosclarotdf.com.ar\/index.php?rest_route=\/wp\/v2\/posts\/73653\/revisions\/73660"}],"wp:featuredmedia":[{"embeddable":true,"href":"https:\/\/hablemosclarotdf.com.ar\/index.php?rest_route=\/wp\/v2\/media\/73654"}],"wp:attachment":[{"href":"https:\/\/hablemosclarotdf.com.ar\/index.php?rest_route=%2Fwp%2Fv2%2Fmedia&parent=73653"}],"wp:term":[{"taxonomy":"category","embeddable":true,"href":"https:\/\/hablemosclarotdf.com.ar\/index.php?rest_route=%2Fwp%2Fv2%2Fcategories&post=73653"},{"taxonomy":"post_tag","embeddable":true,"href":"https:\/\/hablemosclarotdf.com.ar\/index.php?rest_route=%2Fwp%2Fv2%2Ftags&post=73653"}],"curies":[{"name":"wp","href":"https:\/\/api.w.org\/{rel}","templated":true}]}}