{"id":73643,"date":"2026-04-30T13:39:42","date_gmt":"2026-04-30T16:39:42","guid":{"rendered":"https:\/\/hablemosclarotdf.com.ar\/?p=73643"},"modified":"2026-04-30T13:39:42","modified_gmt":"2026-04-30T16:39:42","slug":"la-secretaria-de-industria-expuso-ante-legisladores-sobre-la-situacion-del-sector-y-el-regimen-de-aduana-en-factoria","status":"publish","type":"post","link":"https:\/\/hablemosclarotdf.com.ar\/?p=73643","title":{"rendered":"LA SECRETAR\u00cdA DE INDUSTRIA EXPUSO ANTE LEGISLADORES SOBRE LA SITUACI\u00d3N DEL SECTOR Y EL R\u00c9GIMEN DE ADUANA EN FACTOR\u00cdA"},"content":{"rendered":"<p>La secretaria de Industria y Promoci\u00f3n Econ\u00f3mica, Alejandra Man, particip\u00f3 de una reuni\u00f3n de la Comisi\u00f3n N\u00b0 1 de Legislaci\u00f3n General de la Legislatura Provincial, donde brind\u00f3 precisiones sobre el R\u00e9gimen de Aduana en Factor\u00eda (RAF) y su diferencia con el subr\u00e9gimen de promoci\u00f3n industrial establecido por la Ley Nacional N\u00b0 19.640.<\/p>\n<p>Durante el encuentro, la funcionaria respondi\u00f3 consultas de legisladores y present\u00f3 un informe sobre la situaci\u00f3n actual de la industria fueguina, con foco en el empleo, la producci\u00f3n y el uso de la capacidad instalada.<\/p>\n<p>En ese marco, Man se\u00f1al\u00f3 que \u201cla provincia atraviesa una coyuntura industrial compleja que requiere un an\u00e1lisis serio, t\u00e9cnico y responsable\u201d. Seg\u00fan los datos expuestos, el empleo industrial cay\u00f3 a 6.616 trabajadores en marzo de 2026, frente a 8.601 en 2025 y 10.969 en 2023, lo que representa una baja interanual cercana al 23% y de alrededor del 40% respecto de 2023.<\/p>\n<p>La Secretaria explic\u00f3 que este escenario se vincula con la disminuci\u00f3n de la producci\u00f3n en rubros como electr\u00f3nica, textil y mec\u00e1nica, y con niveles elevados de capacidad ociosa. A nivel nacional, la utilizaci\u00f3n de la capacidad instalada fue del 54,6% en febrero de 2026.<\/p>\n<p>\u201cEl problema de la industria no es solo normativo, sino tambi\u00e9n productivo, econ\u00f3mico y de sostenibilidad del empleo. La ca\u00edda del consumo y la falta de definiciones en materia de pol\u00edtica industrial nacional impactan directamente en el sector\u201d, sostuvo.<\/p>\n<p>En relaci\u00f3n al RAF, Man indic\u00f3 que \u201crealizamos un an\u00e1lisis t\u00e9cnico y jur\u00eddico de la normativa, y entendemos que el RAF no modifica de manera directa los beneficios fiscales que tiene Tierra del Fuego bajo la Ley 19.640\u201d, asegurando que \u201cno es equiparable al r\u00e9gimen fueguino, mientras el primero permite suspender o diferir tributos bajo ciertas condiciones, la Ley 19.640 establece beneficios fiscales dentro de un r\u00e9gimen de promoci\u00f3n econ\u00f3mica e industrial\u201d. En ese sentido, destac\u00f3 que la Provincia continuar\u00e1 trabajando junto al sector productivo para sostener el empleo y acompa\u00f1ar al sector frente al actual contexto econ\u00f3mico.<\/p>\n<p><img loading=\"lazy\" decoding=\"async\" class=\"alignnone size-medium wp-image-73645\" src=\"https:\/\/hablemosclarotdf.com.ar\/wp-content\/uploads\/2026\/04\/photo_2026-04-30_13-38-38-300x200.jpg\" alt=\"\" width=\"300\" height=\"200\" srcset=\"https:\/\/hablemosclarotdf.com.ar\/wp-content\/uploads\/2026\/04\/photo_2026-04-30_13-38-38-300x200.jpg 300w, https:\/\/hablemosclarotdf.com.ar\/wp-content\/uploads\/2026\/04\/photo_2026-04-30_13-38-38-1024x683.jpg 1024w, https:\/\/hablemosclarotdf.com.ar\/wp-content\/uploads\/2026\/04\/photo_2026-04-30_13-38-38-768x512.jpg 768w, https:\/\/hablemosclarotdf.com.ar\/wp-content\/uploads\/2026\/04\/photo_2026-04-30_13-38-38.jpg 1152w\" sizes=\"auto, (max-width: 300px) 100vw, 300px\" \/><\/p>\n","protected":false},"excerpt":{"rendered":"<p>La secretaria de Industria y Promoci\u00f3n Econ\u00f3mica, Alejandra Man, particip\u00f3 de una reuni\u00f3n de la&#8230;<\/p>\n","protected":false},"author":1,"featured_media":73644,"comment_status":"closed","ping_status":"closed","sticky":false,"template":"","format":"standard","meta":{"footnotes":""},"categories":[3],"tags":[],"class_list":["post-73643","post","type-post","status-publish","format-standard","has-post-thumbnail","hentry","category-noticias"],"jetpack_featured_media_url":"https:\/\/hablemosclarotdf.com.ar\/wp-content\/uploads\/2026\/04\/photo_2026-04-30_13-38-34.jpg","_links":{"self":[{"href":"https:\/\/hablemosclarotdf.com.ar\/index.php?rest_route=\/wp\/v2\/posts\/73643","targetHints":{"allow":["GET"]}}],"collection":[{"href":"https:\/\/hablemosclarotdf.com.ar\/index.php?rest_route=\/wp\/v2\/posts"}],"about":[{"href":"https:\/\/hablemosclarotdf.com.ar\/index.php?rest_route=\/wp\/v2\/types\/post"}],"author":[{"embeddable":true,"href":"https:\/\/hablemosclarotdf.com.ar\/index.php?rest_route=\/wp\/v2\/users\/1"}],"replies":[{"embeddable":true,"href":"https:\/\/hablemosclarotdf.com.ar\/index.php?rest_route=%2Fwp%2Fv2%2Fcomments&post=73643"}],"version-history":[{"count":1,"href":"https:\/\/hablemosclarotdf.com.ar\/index.php?rest_route=\/wp\/v2\/posts\/73643\/revisions"}],"predecessor-version":[{"id":73646,"href":"https:\/\/hablemosclarotdf.com.ar\/index.php?rest_route=\/wp\/v2\/posts\/73643\/revisions\/73646"}],"wp:featuredmedia":[{"embeddable":true,"href":"https:\/\/hablemosclarotdf.com.ar\/index.php?rest_route=\/wp\/v2\/media\/73644"}],"wp:attachment":[{"href":"https:\/\/hablemosclarotdf.com.ar\/index.php?rest_route=%2Fwp%2Fv2%2Fmedia&parent=73643"}],"wp:term":[{"taxonomy":"category","embeddable":true,"href":"https:\/\/hablemosclarotdf.com.ar\/index.php?rest_route=%2Fwp%2Fv2%2Fcategories&post=73643"},{"taxonomy":"post_tag","embeddable":true,"href":"https:\/\/hablemosclarotdf.com.ar\/index.php?rest_route=%2Fwp%2Fv2%2Ftags&post=73643"}],"curies":[{"name":"wp","href":"https:\/\/api.w.org\/{rel}","templated":true}]}}