{"id":73637,"date":"2026-04-30T13:34:11","date_gmt":"2026-04-30T16:34:11","guid":{"rendered":"https:\/\/hablemosclarotdf.com.ar\/?p=73637"},"modified":"2026-04-30T13:34:11","modified_gmt":"2026-04-30T16:34:11","slug":"reforma-de-la-constitucion-es-un-momento-historico-para-definir-que-proyecto-de-provincia-queremos","status":"publish","type":"post","link":"https:\/\/hablemosclarotdf.com.ar\/?p=73637","title":{"rendered":"REFORMA DE LA CONSTITUCI\u00d3N: \u201cES UN MOMENTO HIST\u00d3RICO PARA DEFINIR QU\u00c9 PROYECTO DE PROVINCIA QUEREMOS\u201d"},"content":{"rendered":"<p>As\u00ed lo sostuvo el ministro jefe de gabinete, Jorge Canals, sobre el decreto firmado por el Gobernador Gustavo Melella convocando para el pr\u00f3ximo 9 de agosto a elecciones para elegir a los convencionales constituyentes que llevar\u00e1n adelante una reforma parcial de la Constituci\u00f3n de Tierra del Fuego.<\/p>\n<p>El ministro jefe de gabinete, Jorge Canals, destac\u00f3 la trascendencia del decreto firmado este mi\u00e9rcoles por el Gobernador Gustavo Melella, convocando para el pr\u00f3ximo 9 de agosto a elecciones para elegir a los convencionales constituyentes que llevar\u00e1n adelante una reforma parcial de la Constituci\u00f3n de Tierra del Fuego.<\/p>\n<p>En ese sentido, el funcionario resalt\u00f3 que \u201cestamos muy contentos en este llamado porque, fundamentalmente, le va a permitir a los vecinos y vecinas de la Provincia elegir a sus representantes para debatir una nueva Carta Magna din\u00e1mica, amplia y que permita proyectar a Tierra del Fuego para los pr\u00f3ximos 30 o 40 a\u00f1os\u201d.<\/p>\n<p>\u201cEs un momento hist\u00f3rico para la Provincia que se vio postergado y empa\u00f1ado en alg\u00fan momento, pero que a partir de este llamado a elecciones permitir\u00e1 actualizar y modernizar la Constituci\u00f3n\u201d, se\u00f1al\u00f3 el jefe de Gabinete, entendiendo que se busca \u201celiminar privilegios de la pol\u00edtica\u201d.<\/p>\n<p>Canals no dud\u00f3 en se\u00f1alar que la Constituci\u00f3n fueguina \u201ces una de las m\u00e1s modernas\u201d, aunque tambi\u00e9n opin\u00f3 que \u201cvenimos sosteniendo desde hace mucho tiempo que es necesario rever ciertas cuestiones\u201d, entre ellas \u201cla inclusi\u00f3n de los l\u00edmites actuales de la Provincia, as\u00ed como la inclusi\u00f3n de la Cuesti\u00f3n Malvinas, que tanto trabajamos desde el Gobierno de la Provincia junto a los Municipios\u201d.<\/p>\n<p>\u201cNecesitamos dar el debate para darle un cierre al crecimiento del gasto de la pol\u00edtica, es necesario dar la discusi\u00f3n sobre la continuidad o no de algunos cargos vitalicios, y poner sobre la mesa el debate tambi\u00e9n que plantean los mismos vecinos sobre las estructuras del Estado y de los poderes del Estado y sus instituciones\u201d, agreg\u00f3.<\/p>\n<p>El jefe de gabinete sostuvo que esta reforma parcial de la Constituci\u00f3n \u201cno es para un Gobierno en particular sino para comenzar a definir qu\u00e9 Provincia queremos para nuestros hijos y para nuestros nietos\u201d.<\/p>\n","protected":false},"excerpt":{"rendered":"<p>As\u00ed lo sostuvo el ministro jefe de gabinete, Jorge Canals, sobre el decreto firmado por&#8230;<\/p>\n","protected":false},"author":1,"featured_media":73638,"comment_status":"closed","ping_status":"closed","sticky":false,"template":"","format":"standard","meta":{"footnotes":""},"categories":[3],"tags":[],"class_list":["post-73637","post","type-post","status-publish","format-standard","has-post-thumbnail","hentry","category-noticias"],"jetpack_featured_media_url":"https:\/\/hablemosclarotdf.com.ar\/wp-content\/uploads\/2026\/04\/photo_2026-04-30_13-33-51.jpg","_links":{"self":[{"href":"https:\/\/hablemosclarotdf.com.ar\/index.php?rest_route=\/wp\/v2\/posts\/73637","targetHints":{"allow":["GET"]}}],"collection":[{"href":"https:\/\/hablemosclarotdf.com.ar\/index.php?rest_route=\/wp\/v2\/posts"}],"about":[{"href":"https:\/\/hablemosclarotdf.com.ar\/index.php?rest_route=\/wp\/v2\/types\/post"}],"author":[{"embeddable":true,"href":"https:\/\/hablemosclarotdf.com.ar\/index.php?rest_route=\/wp\/v2\/users\/1"}],"replies":[{"embeddable":true,"href":"https:\/\/hablemosclarotdf.com.ar\/index.php?rest_route=%2Fwp%2Fv2%2Fcomments&post=73637"}],"version-history":[{"count":1,"href":"https:\/\/hablemosclarotdf.com.ar\/index.php?rest_route=\/wp\/v2\/posts\/73637\/revisions"}],"predecessor-version":[{"id":73639,"href":"https:\/\/hablemosclarotdf.com.ar\/index.php?rest_route=\/wp\/v2\/posts\/73637\/revisions\/73639"}],"wp:featuredmedia":[{"embeddable":true,"href":"https:\/\/hablemosclarotdf.com.ar\/index.php?rest_route=\/wp\/v2\/media\/73638"}],"wp:attachment":[{"href":"https:\/\/hablemosclarotdf.com.ar\/index.php?rest_route=%2Fwp%2Fv2%2Fmedia&parent=73637"}],"wp:term":[{"taxonomy":"category","embeddable":true,"href":"https:\/\/hablemosclarotdf.com.ar\/index.php?rest_route=%2Fwp%2Fv2%2Fcategories&post=73637"},{"taxonomy":"post_tag","embeddable":true,"href":"https:\/\/hablemosclarotdf.com.ar\/index.php?rest_route=%2Fwp%2Fv2%2Ftags&post=73637"}],"curies":[{"name":"wp","href":"https:\/\/api.w.org\/{rel}","templated":true}]}}