{"id":73629,"date":"2026-04-30T13:29:43","date_gmt":"2026-04-30T16:29:43","guid":{"rendered":"https:\/\/hablemosclarotdf.com.ar\/?p=73629"},"modified":"2026-04-30T13:29:43","modified_gmt":"2026-04-30T16:29:43","slug":"rio-grande-llevo-el-trabajo-del-centro-municipal-carla-riva-al-congreso-argentino-de-psiquiatria-y-salud-mental","status":"publish","type":"post","link":"https:\/\/hablemosclarotdf.com.ar\/?p=73629","title":{"rendered":"R\u00cdO GRANDE LLEV\u00d3 EL TRABAJO DEL CENTRO MUNICIPAL \u201cCARLA RIVA\u201d AL CONGRESO ARGENTINO DE PSIQUIATR\u00cdA Y SALUD MENTAL"},"content":{"rendered":"<p>La Secretar\u00eda de Salud del Municipio de R\u00edo Grande, a trav\u00e9s de la Direcci\u00f3n General de Salud Mental y Adicciones, particip\u00f3 del XXXIX Congreso Argentino de Psiquiatr\u00eda y Salud Mental organizado por la Asociaci\u00f3n de Psiquiatras de Argentina (APSA), uno de los encuentros cient\u00edficos m\u00e1s relevantes del pa\u00eds en la materia.<\/p>\n<p>En esta edici\u00f3n, el equipo municipal present\u00f3 la exposici\u00f3n denominada \u201cLas adicciones y el espectro impulsivo. De la cl\u00ednica y los determinantes bio-psico-sociales al tratamiento centrado en la persona\u201d, donde se comparti\u00f3 la experiencia de trabajo que se desarrolla en el Centro Municipal de Abordaje Integral en Consumos Problem\u00e1ticos \u2018Carla Riva\u2019.<\/p>\n<p>La delegaci\u00f3n estuvo integrada por el subsecretario de Salud, Dr. Agust\u00edn Perez; la directora general de Salud Mental y Adicciones, Lic. Andrea Manavela y la directora de Abordaje Integral del Consumo Problem\u00e1tico, Lic. Marcela Surano.<\/p>\n<p>Durante la exposici\u00f3n, el eje principal estuvo puesto en c\u00f3mo dise\u00f1ar y sostener un dispositivo municipal para el abordaje integral de los consumos problem\u00e1ticos, tomando como base la experiencia concreta que se lleva adelante en R\u00edo Grande. Se abordaron los determinantes bio-psico-sociales de las adicciones, el trabajo interdisciplinario, la construcci\u00f3n de redes comunitarias y la importancia de un enfoque centrado en la persona.<\/p>\n<p>Al respecto, el subsecretario de Salud, Agust\u00edn Perez afirm\u00f3 que \u201cla participaci\u00f3n en este Congreso permiti\u00f3 visibilizar a nivel nacional el modelo de intervenci\u00f3n que desde el Municipio venimos desarrollando, posicionando a R\u00edo Grande como referencia en pol\u00edticas p\u00fablicas de salud mental y abordaje de consumos problem\u00e1ticos desde el \u00e1mbito local\u201d.<\/p>\n<p>\u201cEste tipo de instancias no s\u00f3lo fortalecen la formaci\u00f3n continua de los equipos t\u00e9cnicos, sino que tambi\u00e9n consolidan el reconocimiento del trabajo que se realiza en la ciudad, reafirmando el compromiso de la gesti\u00f3n municipal con una salud mental accesible, comunitaria y con perspectiva integral\u201d, asegur\u00f3.<\/p>\n<p><img loading=\"lazy\" decoding=\"async\" class=\"alignnone size-medium wp-image-73631\" src=\"https:\/\/hablemosclarotdf.com.ar\/wp-content\/uploads\/2026\/04\/photo_2026-04-30_13-28-07-300x225.jpg\" alt=\"\" width=\"300\" height=\"225\" srcset=\"https:\/\/hablemosclarotdf.com.ar\/wp-content\/uploads\/2026\/04\/photo_2026-04-30_13-28-07-300x225.jpg 300w, https:\/\/hablemosclarotdf.com.ar\/wp-content\/uploads\/2026\/04\/photo_2026-04-30_13-28-07-768x576.jpg 768w, https:\/\/hablemosclarotdf.com.ar\/wp-content\/uploads\/2026\/04\/photo_2026-04-30_13-28-07.jpg 1000w\" sizes=\"auto, (max-width: 300px) 100vw, 300px\" \/> <img loading=\"lazy\" decoding=\"async\" class=\"alignnone size-medium wp-image-73632\" src=\"https:\/\/hablemosclarotdf.com.ar\/wp-content\/uploads\/2026\/04\/photo_2026-04-30_13-28-12-300x233.jpg\" alt=\"\" width=\"300\" height=\"233\" srcset=\"https:\/\/hablemosclarotdf.com.ar\/wp-content\/uploads\/2026\/04\/photo_2026-04-30_13-28-12-300x233.jpg 300w, https:\/\/hablemosclarotdf.com.ar\/wp-content\/uploads\/2026\/04\/photo_2026-04-30_13-28-12-1024x794.jpg 1024w, https:\/\/hablemosclarotdf.com.ar\/wp-content\/uploads\/2026\/04\/photo_2026-04-30_13-28-12-768x596.jpg 768w, https:\/\/hablemosclarotdf.com.ar\/wp-content\/uploads\/2026\/04\/photo_2026-04-30_13-28-12.jpg 1280w\" sizes=\"auto, (max-width: 300px) 100vw, 300px\" \/><\/p>\n","protected":false},"excerpt":{"rendered":"<p>La Secretar\u00eda de Salud del Municipio de R\u00edo Grande, a trav\u00e9s de la Direcci\u00f3n General&#8230;<\/p>\n","protected":false},"author":1,"featured_media":73630,"comment_status":"closed","ping_status":"closed","sticky":false,"template":"","format":"standard","meta":{"footnotes":""},"categories":[3],"tags":[],"class_list":["post-73629","post","type-post","status-publish","format-standard","has-post-thumbnail","hentry","category-noticias"],"jetpack_featured_media_url":"https:\/\/hablemosclarotdf.com.ar\/wp-content\/uploads\/2026\/04\/photo_2026-04-30_13-27-55.jpg","_links":{"self":[{"href":"https:\/\/hablemosclarotdf.com.ar\/index.php?rest_route=\/wp\/v2\/posts\/73629","targetHints":{"allow":["GET"]}}],"collection":[{"href":"https:\/\/hablemosclarotdf.com.ar\/index.php?rest_route=\/wp\/v2\/posts"}],"about":[{"href":"https:\/\/hablemosclarotdf.com.ar\/index.php?rest_route=\/wp\/v2\/types\/post"}],"author":[{"embeddable":true,"href":"https:\/\/hablemosclarotdf.com.ar\/index.php?rest_route=\/wp\/v2\/users\/1"}],"replies":[{"embeddable":true,"href":"https:\/\/hablemosclarotdf.com.ar\/index.php?rest_route=%2Fwp%2Fv2%2Fcomments&post=73629"}],"version-history":[{"count":1,"href":"https:\/\/hablemosclarotdf.com.ar\/index.php?rest_route=\/wp\/v2\/posts\/73629\/revisions"}],"predecessor-version":[{"id":73633,"href":"https:\/\/hablemosclarotdf.com.ar\/index.php?rest_route=\/wp\/v2\/posts\/73629\/revisions\/73633"}],"wp:featuredmedia":[{"embeddable":true,"href":"https:\/\/hablemosclarotdf.com.ar\/index.php?rest_route=\/wp\/v2\/media\/73630"}],"wp:attachment":[{"href":"https:\/\/hablemosclarotdf.com.ar\/index.php?rest_route=%2Fwp%2Fv2%2Fmedia&parent=73629"}],"wp:term":[{"taxonomy":"category","embeddable":true,"href":"https:\/\/hablemosclarotdf.com.ar\/index.php?rest_route=%2Fwp%2Fv2%2Fcategories&post=73629"},{"taxonomy":"post_tag","embeddable":true,"href":"https:\/\/hablemosclarotdf.com.ar\/index.php?rest_route=%2Fwp%2Fv2%2Ftags&post=73629"}],"curies":[{"name":"wp","href":"https:\/\/api.w.org\/{rel}","templated":true}]}}