{"id":73599,"date":"2026-04-29T21:29:04","date_gmt":"2026-04-30T00:29:04","guid":{"rendered":"https:\/\/hablemosclarotdf.com.ar\/?p=73599"},"modified":"2026-04-29T21:29:04","modified_gmt":"2026-04-30T00:29:04","slug":"ushuaia-el-imd-y-la-asociacion-de-jueces-deportivos-firmaron-un-nuevo-convenio-para-la-capacitacion-de-arbitros-y-arbitras","status":"publish","type":"post","link":"https:\/\/hablemosclarotdf.com.ar\/?p=73599","title":{"rendered":"USHUAIA : EL IMD Y LA ASOCIACI\u00d3N DE JUECES DEPORTIVOS FIRMARON UN NUEVO CONVENIO PARA LA CAPACITACI\u00d3N DE \u00c1RBITROS Y \u00c1RBITRAS"},"content":{"rendered":"<p>El Instituto Municipal de Deportes (IMD) y la Asociaci\u00f3n Civil de Jueces Deportivos de Tierra del Fuego firmaron un nuevo convenio de contraprestaci\u00f3n destinado a llevar adelante una capacitaci\u00f3n para \u00e1rbitros y \u00e1rbitras de futsal, con el objetivo de fortalecer la formaci\u00f3n y profesionalizaci\u00f3n de quienes buscan desarrollarse en el \u00e1mbito del arbitraje deportivo.<br \/>\nLa propuesta tendr\u00e1 una duraci\u00f3n de cuatro meses y est\u00e1 orientada a personas interesadas en adquirir herramientas te\u00f3ricas y pr\u00e1cticas para desempe\u00f1arse en competencias oficiales.<br \/>\nLas inscripciones se realizan a trav\u00e9s del formulario publicado en las redes sociales del IMD y podr\u00e1n participar personas a partir de los 16 a\u00f1os, con autorizaci\u00f3n de un adulto responsable.<br \/>\nLas clases comenzar\u00e1n el pr\u00f3ximo lunes 4 de mayo en la sala de capacitaci\u00f3n \u201cIsabel Guti\u00e9rrez\u201d, ubicada en la Torre 3 del Microestadio Cochocho Vargas.<br \/>\nLa presidenta del IMD, Liliana Gavil\u00e1n, destac\u00f3 que \u201ccontinuamos generando herramientas de formaci\u00f3n para ampliar oportunidades y fortalecer el desarrollo deportivo en la ciudad, acompa\u00f1ando a quienes buscan profesionalizarse y encontrar en el arbitraje una salida laboral\u201d.<\/p>\n<p><img loading=\"lazy\" decoding=\"async\" class=\"alignnone size-medium wp-image-73601\" src=\"https:\/\/hablemosclarotdf.com.ar\/wp-content\/uploads\/2026\/04\/photo_2026-04-29_21-28-06-169x300.jpg\" alt=\"\" width=\"169\" height=\"300\" srcset=\"https:\/\/hablemosclarotdf.com.ar\/wp-content\/uploads\/2026\/04\/photo_2026-04-29_21-28-06-169x300.jpg 169w, https:\/\/hablemosclarotdf.com.ar\/wp-content\/uploads\/2026\/04\/photo_2026-04-29_21-28-06-576x1024.jpg 576w, https:\/\/hablemosclarotdf.com.ar\/wp-content\/uploads\/2026\/04\/photo_2026-04-29_21-28-06.jpg 720w\" sizes=\"auto, (max-width: 169px) 100vw, 169px\" \/> <img loading=\"lazy\" decoding=\"async\" class=\"alignnone size-medium wp-image-73602\" src=\"https:\/\/hablemosclarotdf.com.ar\/wp-content\/uploads\/2026\/04\/photo_2026-04-29_21-28-11-240x300.jpg\" alt=\"\" width=\"240\" height=\"300\" srcset=\"https:\/\/hablemosclarotdf.com.ar\/wp-content\/uploads\/2026\/04\/photo_2026-04-29_21-28-11-240x300.jpg 240w, https:\/\/hablemosclarotdf.com.ar\/wp-content\/uploads\/2026\/04\/photo_2026-04-29_21-28-11-819x1024.jpg 819w, https:\/\/hablemosclarotdf.com.ar\/wp-content\/uploads\/2026\/04\/photo_2026-04-29_21-28-11-768x960.jpg 768w, https:\/\/hablemosclarotdf.com.ar\/wp-content\/uploads\/2026\/04\/photo_2026-04-29_21-28-11.jpg 1024w\" sizes=\"auto, (max-width: 240px) 100vw, 240px\" \/><\/p>\n","protected":false},"excerpt":{"rendered":"<p>El Instituto Municipal de Deportes (IMD) y la Asociaci\u00f3n Civil de Jueces Deportivos de Tierra&#8230;<\/p>\n","protected":false},"author":1,"featured_media":73600,"comment_status":"closed","ping_status":"closed","sticky":false,"template":"","format":"standard","meta":{"footnotes":""},"categories":[3],"tags":[],"class_list":["post-73599","post","type-post","status-publish","format-standard","has-post-thumbnail","hentry","category-noticias"],"jetpack_featured_media_url":"https:\/\/hablemosclarotdf.com.ar\/wp-content\/uploads\/2026\/04\/photo_2026-04-29_21-27-54.jpg","_links":{"self":[{"href":"https:\/\/hablemosclarotdf.com.ar\/index.php?rest_route=\/wp\/v2\/posts\/73599","targetHints":{"allow":["GET"]}}],"collection":[{"href":"https:\/\/hablemosclarotdf.com.ar\/index.php?rest_route=\/wp\/v2\/posts"}],"about":[{"href":"https:\/\/hablemosclarotdf.com.ar\/index.php?rest_route=\/wp\/v2\/types\/post"}],"author":[{"embeddable":true,"href":"https:\/\/hablemosclarotdf.com.ar\/index.php?rest_route=\/wp\/v2\/users\/1"}],"replies":[{"embeddable":true,"href":"https:\/\/hablemosclarotdf.com.ar\/index.php?rest_route=%2Fwp%2Fv2%2Fcomments&post=73599"}],"version-history":[{"count":1,"href":"https:\/\/hablemosclarotdf.com.ar\/index.php?rest_route=\/wp\/v2\/posts\/73599\/revisions"}],"predecessor-version":[{"id":73603,"href":"https:\/\/hablemosclarotdf.com.ar\/index.php?rest_route=\/wp\/v2\/posts\/73599\/revisions\/73603"}],"wp:featuredmedia":[{"embeddable":true,"href":"https:\/\/hablemosclarotdf.com.ar\/index.php?rest_route=\/wp\/v2\/media\/73600"}],"wp:attachment":[{"href":"https:\/\/hablemosclarotdf.com.ar\/index.php?rest_route=%2Fwp%2Fv2%2Fmedia&parent=73599"}],"wp:term":[{"taxonomy":"category","embeddable":true,"href":"https:\/\/hablemosclarotdf.com.ar\/index.php?rest_route=%2Fwp%2Fv2%2Fcategories&post=73599"},{"taxonomy":"post_tag","embeddable":true,"href":"https:\/\/hablemosclarotdf.com.ar\/index.php?rest_route=%2Fwp%2Fv2%2Ftags&post=73599"}],"curies":[{"name":"wp","href":"https:\/\/api.w.org\/{rel}","templated":true}]}}