{"id":73590,"date":"2026-04-29T16:17:06","date_gmt":"2026-04-29T19:17:06","guid":{"rendered":"https:\/\/hablemosclarotdf.com.ar\/?p=73590"},"modified":"2026-04-29T16:17:06","modified_gmt":"2026-04-29T19:17:06","slug":"riograndenses-participaron-de-un-taller-de-compostaje","status":"publish","type":"post","link":"https:\/\/hablemosclarotdf.com.ar\/?p=73590","title":{"rendered":"RIOGRANDENSES PARTICIPARON DE UN TALLER DE COMPOSTAJE"},"content":{"rendered":"<p>La propuesta se llev\u00f3 adelante en la Biblioteca Popular Infanto Juvenil, donde vecinas y vecinos aprendieron sobre los beneficios del compostaje y la construcci\u00f3n de composteras con materiales reciclados. La iniciativa forma parte de las acciones impulsadas por el Municipio durante el Mes del Compostaje.<\/p>\n<p>Por el Mes del Compostaje, el Municipio de R\u00edo Grande realiz\u00f3 un taller abierto a la comunidad en la Biblioteca Popular Infanto Juvenil con el objetivo de promover pr\u00e1cticas sustentables y fomentar el tratamiento responsable de los residuos org\u00e1nicos.<\/p>\n<p>Durante la jornada, los participantes conocieron en profundidad los beneficios ambientales del compostaje, la cual es una t\u00e9cnica que permite transformar los residuos org\u00e1nicos en abono natural, contribuyendo a la reducci\u00f3n de desechos y al cuidado del ambiente.<\/p>\n<p>A su vez, se brindaron herramientas pr\u00e1cticas para el armado de composteras domiciliarias, utilizando materiales reciclados y de f\u00e1cil acceso, promoviendo h\u00e1bitos sostenibles que puedan implementarse en el hogar.<\/p>\n<p>Mediante estas actividades, el Estado Municipal reafirma su compromiso con la conservaci\u00f3n del ambiente y la promoci\u00f3n de una sociedad m\u00e1s consciente y participativa que valora los residuos org\u00e1nicos como recursos en pos de seguir construyendo una ciudad m\u00e1s sustentable.<\/p>\n<p><img loading=\"lazy\" decoding=\"async\" class=\"alignnone size-medium wp-image-73592\" src=\"https:\/\/hablemosclarotdf.com.ar\/wp-content\/uploads\/2026\/04\/photo_2026-04-29_16-15-33-300x225.jpg\" alt=\"\" width=\"300\" height=\"225\" srcset=\"https:\/\/hablemosclarotdf.com.ar\/wp-content\/uploads\/2026\/04\/photo_2026-04-29_16-15-33-300x225.jpg 300w, https:\/\/hablemosclarotdf.com.ar\/wp-content\/uploads\/2026\/04\/photo_2026-04-29_16-15-33-1024x768.jpg 1024w, https:\/\/hablemosclarotdf.com.ar\/wp-content\/uploads\/2026\/04\/photo_2026-04-29_16-15-33-768x576.jpg 768w, https:\/\/hablemosclarotdf.com.ar\/wp-content\/uploads\/2026\/04\/photo_2026-04-29_16-15-33.jpg 1511w\" sizes=\"auto, (max-width: 300px) 100vw, 300px\" \/> <img loading=\"lazy\" decoding=\"async\" class=\"alignnone size-medium wp-image-73593\" src=\"https:\/\/hablemosclarotdf.com.ar\/wp-content\/uploads\/2026\/04\/photo_2026-04-29_16-15-43-300x225.jpg\" alt=\"\" width=\"300\" height=\"225\" srcset=\"https:\/\/hablemosclarotdf.com.ar\/wp-content\/uploads\/2026\/04\/photo_2026-04-29_16-15-43-300x225.jpg 300w, https:\/\/hablemosclarotdf.com.ar\/wp-content\/uploads\/2026\/04\/photo_2026-04-29_16-15-43-1024x768.jpg 1024w, https:\/\/hablemosclarotdf.com.ar\/wp-content\/uploads\/2026\/04\/photo_2026-04-29_16-15-43-768x576.jpg 768w, https:\/\/hablemosclarotdf.com.ar\/wp-content\/uploads\/2026\/04\/photo_2026-04-29_16-15-43-1536x1152.jpg 1536w, https:\/\/hablemosclarotdf.com.ar\/wp-content\/uploads\/2026\/04\/photo_2026-04-29_16-15-43.jpg 1600w\" sizes=\"auto, (max-width: 300px) 100vw, 300px\" \/><\/p>\n","protected":false},"excerpt":{"rendered":"<p>La propuesta se llev\u00f3 adelante en la Biblioteca Popular Infanto Juvenil, donde vecinas y vecinos&#8230;<\/p>\n","protected":false},"author":1,"featured_media":73591,"comment_status":"closed","ping_status":"closed","sticky":false,"template":"","format":"standard","meta":{"footnotes":""},"categories":[3],"tags":[],"class_list":["post-73590","post","type-post","status-publish","format-standard","has-post-thumbnail","hentry","category-noticias"],"jetpack_featured_media_url":"https:\/\/hablemosclarotdf.com.ar\/wp-content\/uploads\/2026\/04\/photo_2026-04-29_16-15-27.jpg","_links":{"self":[{"href":"https:\/\/hablemosclarotdf.com.ar\/index.php?rest_route=\/wp\/v2\/posts\/73590","targetHints":{"allow":["GET"]}}],"collection":[{"href":"https:\/\/hablemosclarotdf.com.ar\/index.php?rest_route=\/wp\/v2\/posts"}],"about":[{"href":"https:\/\/hablemosclarotdf.com.ar\/index.php?rest_route=\/wp\/v2\/types\/post"}],"author":[{"embeddable":true,"href":"https:\/\/hablemosclarotdf.com.ar\/index.php?rest_route=\/wp\/v2\/users\/1"}],"replies":[{"embeddable":true,"href":"https:\/\/hablemosclarotdf.com.ar\/index.php?rest_route=%2Fwp%2Fv2%2Fcomments&post=73590"}],"version-history":[{"count":1,"href":"https:\/\/hablemosclarotdf.com.ar\/index.php?rest_route=\/wp\/v2\/posts\/73590\/revisions"}],"predecessor-version":[{"id":73594,"href":"https:\/\/hablemosclarotdf.com.ar\/index.php?rest_route=\/wp\/v2\/posts\/73590\/revisions\/73594"}],"wp:featuredmedia":[{"embeddable":true,"href":"https:\/\/hablemosclarotdf.com.ar\/index.php?rest_route=\/wp\/v2\/media\/73591"}],"wp:attachment":[{"href":"https:\/\/hablemosclarotdf.com.ar\/index.php?rest_route=%2Fwp%2Fv2%2Fmedia&parent=73590"}],"wp:term":[{"taxonomy":"category","embeddable":true,"href":"https:\/\/hablemosclarotdf.com.ar\/index.php?rest_route=%2Fwp%2Fv2%2Fcategories&post=73590"},{"taxonomy":"post_tag","embeddable":true,"href":"https:\/\/hablemosclarotdf.com.ar\/index.php?rest_route=%2Fwp%2Fv2%2Ftags&post=73590"}],"curies":[{"name":"wp","href":"https:\/\/api.w.org\/{rel}","templated":true}]}}