{"id":73587,"date":"2026-04-29T15:48:19","date_gmt":"2026-04-29T18:48:19","guid":{"rendered":"https:\/\/hablemosclarotdf.com.ar\/?p=73587"},"modified":"2026-04-29T15:48:19","modified_gmt":"2026-04-29T18:48:19","slug":"rio-grande-la-muestra-este-suelo-nuestra-patria-se-podra-recorrer-hasta-el-15-de-mayo","status":"publish","type":"post","link":"https:\/\/hablemosclarotdf.com.ar\/?p=73587","title":{"rendered":"RIO GRANDE : LA MUESTRA \u201cESTE SUELO, NUESTRA PATRIA\u201d SE PODR\u00c1 RECORRER HASTA EL 15 DE MAYO"},"content":{"rendered":"<p>El Municipio de R\u00edo Grande informa a la comunidad que se extiende el tiempo que estar\u00e1 disponible la muestra hist\u00f3rica en el Museo \u201cVirginia Choquientel\u201d (Alberdi 555). Dicha propuesta est\u00e1 abierta al p\u00fablico en general como a instituciones educativas.<\/p>\n<p>A trav\u00e9s de esta iniciativa, las vecinas y vecinos que la visiten la muestra conocer\u00e1n la historia de Malvinas colonial mediante mapas, documentos y acuarelas, abordando los primeros reclamos de soberan\u00eda luego de la usurpaci\u00f3n de 1833.<\/p>\n<p>Con esta exposici\u00f3n, el Estado Municipal contin\u00faa promoviendo espacios para el encuentro, la memoria y la construcci\u00f3n colectiva en torno a la causa Malvinas, fortaleciendo el proceso de malvinizaci\u00f3n en la comunidad, manteniendo vivo el homenaje a quienes defendieron nuestra soberan\u00eda.<\/p>\n","protected":false},"excerpt":{"rendered":"<p>El Municipio de R\u00edo Grande informa a la comunidad que se extiende el tiempo que&#8230;<\/p>\n","protected":false},"author":1,"featured_media":73588,"comment_status":"closed","ping_status":"closed","sticky":false,"template":"","format":"standard","meta":{"footnotes":""},"categories":[3],"tags":[],"class_list":["post-73587","post","type-post","status-publish","format-standard","has-post-thumbnail","hentry","category-noticias"],"jetpack_featured_media_url":"https:\/\/hablemosclarotdf.com.ar\/wp-content\/uploads\/2026\/04\/photo_2026-04-29_15-46-55.jpg","_links":{"self":[{"href":"https:\/\/hablemosclarotdf.com.ar\/index.php?rest_route=\/wp\/v2\/posts\/73587","targetHints":{"allow":["GET"]}}],"collection":[{"href":"https:\/\/hablemosclarotdf.com.ar\/index.php?rest_route=\/wp\/v2\/posts"}],"about":[{"href":"https:\/\/hablemosclarotdf.com.ar\/index.php?rest_route=\/wp\/v2\/types\/post"}],"author":[{"embeddable":true,"href":"https:\/\/hablemosclarotdf.com.ar\/index.php?rest_route=\/wp\/v2\/users\/1"}],"replies":[{"embeddable":true,"href":"https:\/\/hablemosclarotdf.com.ar\/index.php?rest_route=%2Fwp%2Fv2%2Fcomments&post=73587"}],"version-history":[{"count":1,"href":"https:\/\/hablemosclarotdf.com.ar\/index.php?rest_route=\/wp\/v2\/posts\/73587\/revisions"}],"predecessor-version":[{"id":73589,"href":"https:\/\/hablemosclarotdf.com.ar\/index.php?rest_route=\/wp\/v2\/posts\/73587\/revisions\/73589"}],"wp:featuredmedia":[{"embeddable":true,"href":"https:\/\/hablemosclarotdf.com.ar\/index.php?rest_route=\/wp\/v2\/media\/73588"}],"wp:attachment":[{"href":"https:\/\/hablemosclarotdf.com.ar\/index.php?rest_route=%2Fwp%2Fv2%2Fmedia&parent=73587"}],"wp:term":[{"taxonomy":"category","embeddable":true,"href":"https:\/\/hablemosclarotdf.com.ar\/index.php?rest_route=%2Fwp%2Fv2%2Fcategories&post=73587"},{"taxonomy":"post_tag","embeddable":true,"href":"https:\/\/hablemosclarotdf.com.ar\/index.php?rest_route=%2Fwp%2Fv2%2Ftags&post=73587"}],"curies":[{"name":"wp","href":"https:\/\/api.w.org\/{rel}","templated":true}]}}