{"id":73583,"date":"2026-04-29T15:46:29","date_gmt":"2026-04-29T18:46:29","guid":{"rendered":"https:\/\/hablemosclarotdf.com.ar\/?p=73583"},"modified":"2026-04-29T15:46:29","modified_gmt":"2026-04-29T18:46:29","slug":"ushuaia-la-municipalidad-abre-las-inscripciones-a-las-capacitaciones-de-punto-digital","status":"publish","type":"post","link":"https:\/\/hablemosclarotdf.com.ar\/?p=73583","title":{"rendered":"USHUAIA : LA MUNICIPALIDAD ABRE LAS INSCRIPCIONES A LAS CAPACITACIONES DE PUNTO DIGITAL"},"content":{"rendered":"<p>La Municipalidad de Ushuaia, a trav\u00e9s de la Secretar\u00eda de la Mujer y Desarrollo Humano, informa que se encuentran abiertas las inscripciones para las capacitaciones que se dictar\u00e1n en el espacio Punto Digital, ubicado en Kuanip 2089, esquina La Pampa.<\/p>\n<p>Las propuestas comenzar\u00e1n el 4 de mayo y est\u00e1n orientadas a brindar herramientas digitales para la vida cotidiana, la formaci\u00f3n laboral y el acceso a nuevas tecnolog\u00edas.<\/p>\n<p>La oferta formativa incluye cursos de Canva, Word, Excel, Inform\u00e1tica Inicial, Software Libre, Dise\u00f1o Gr\u00e1fico, Inteligencia Artificial para adultos, Gesti\u00f3n y Talento Humano, adem\u00e1s de un espacio de acompa\u00f1amiento digital destinado a fortalecer habilidades tecnol\u00f3gicas y facilitar el acceso a herramientas digitales.<\/p>\n<p>La secretaria de la Mujer y Desarrollo Humano, Ver\u00f3nica Maestro, destac\u00f3 que \u201cestas capacitaciones permiten que m\u00e1s vecinos y vecinas incorporen herramientas concretas para desenvolverse en entornos digitales y ampliar sus oportunidades de formaci\u00f3n y trabajo\u201d.<\/p>\n<p>Por su parte, la subsecretaria de Inclusi\u00f3n Social, Yanira Mart\u00ednez, remarc\u00f3 que \u201cestos espacios son fundamentales para acercar herramientas a la comunidad, reducir brechas digitales y acompa\u00f1ar a quienes necesitan iniciarse o fortalecer sus conocimientos en el uso de tecnolog\u00edas\u201d.<\/p>\n<p>Asimismo, se\u00f1al\u00f3 que \u201cPunto Digital cumple un rol clave en la ampliaci\u00f3n de derechos y en la generaci\u00f3n de oportunidades reales de inclusi\u00f3n y desarrollo para vecinos y vecinas de la ciudad\u201d.<\/p>\n<p>Las personas interesadas podr\u00e1n inscribirse completando el formulario online a trav\u00e9s del siguiente enlace: https:\/\/inscripciones.website\/punto-digital\/<br \/>\no acceder al mismo mediante las redes oficiales de la Municipalidad de Ushuaia.<\/p>\n<p><img loading=\"lazy\" decoding=\"async\" class=\"alignnone size-medium wp-image-73585\" src=\"https:\/\/hablemosclarotdf.com.ar\/wp-content\/uploads\/2026\/04\/photo_2026-04-29_15-45-27-240x300.jpg\" alt=\"\" width=\"240\" height=\"300\" srcset=\"https:\/\/hablemosclarotdf.com.ar\/wp-content\/uploads\/2026\/04\/photo_2026-04-29_15-45-27-240x300.jpg 240w, https:\/\/hablemosclarotdf.com.ar\/wp-content\/uploads\/2026\/04\/photo_2026-04-29_15-45-27-819x1024.jpg 819w, https:\/\/hablemosclarotdf.com.ar\/wp-content\/uploads\/2026\/04\/photo_2026-04-29_15-45-27-768x960.jpg 768w, https:\/\/hablemosclarotdf.com.ar\/wp-content\/uploads\/2026\/04\/photo_2026-04-29_15-45-27.jpg 1024w\" sizes=\"auto, (max-width: 240px) 100vw, 240px\" \/><\/p>\n","protected":false},"excerpt":{"rendered":"<p>La Municipalidad de Ushuaia, a trav\u00e9s de la Secretar\u00eda de la Mujer y Desarrollo Humano,&#8230;<\/p>\n","protected":false},"author":1,"featured_media":73584,"comment_status":"closed","ping_status":"closed","sticky":false,"template":"","format":"standard","meta":{"footnotes":""},"categories":[3],"tags":[],"class_list":["post-73583","post","type-post","status-publish","format-standard","has-post-thumbnail","hentry","category-noticias"],"jetpack_featured_media_url":"https:\/\/hablemosclarotdf.com.ar\/wp-content\/uploads\/2026\/04\/photo_2026-04-29_15-45-23.jpg","_links":{"self":[{"href":"https:\/\/hablemosclarotdf.com.ar\/index.php?rest_route=\/wp\/v2\/posts\/73583","targetHints":{"allow":["GET"]}}],"collection":[{"href":"https:\/\/hablemosclarotdf.com.ar\/index.php?rest_route=\/wp\/v2\/posts"}],"about":[{"href":"https:\/\/hablemosclarotdf.com.ar\/index.php?rest_route=\/wp\/v2\/types\/post"}],"author":[{"embeddable":true,"href":"https:\/\/hablemosclarotdf.com.ar\/index.php?rest_route=\/wp\/v2\/users\/1"}],"replies":[{"embeddable":true,"href":"https:\/\/hablemosclarotdf.com.ar\/index.php?rest_route=%2Fwp%2Fv2%2Fcomments&post=73583"}],"version-history":[{"count":1,"href":"https:\/\/hablemosclarotdf.com.ar\/index.php?rest_route=\/wp\/v2\/posts\/73583\/revisions"}],"predecessor-version":[{"id":73586,"href":"https:\/\/hablemosclarotdf.com.ar\/index.php?rest_route=\/wp\/v2\/posts\/73583\/revisions\/73586"}],"wp:featuredmedia":[{"embeddable":true,"href":"https:\/\/hablemosclarotdf.com.ar\/index.php?rest_route=\/wp\/v2\/media\/73584"}],"wp:attachment":[{"href":"https:\/\/hablemosclarotdf.com.ar\/index.php?rest_route=%2Fwp%2Fv2%2Fmedia&parent=73583"}],"wp:term":[{"taxonomy":"category","embeddable":true,"href":"https:\/\/hablemosclarotdf.com.ar\/index.php?rest_route=%2Fwp%2Fv2%2Fcategories&post=73583"},{"taxonomy":"post_tag","embeddable":true,"href":"https:\/\/hablemosclarotdf.com.ar\/index.php?rest_route=%2Fwp%2Fv2%2Ftags&post=73583"}],"curies":[{"name":"wp","href":"https:\/\/api.w.org\/{rel}","templated":true}]}}