{"id":73576,"date":"2026-04-29T13:56:39","date_gmt":"2026-04-29T16:56:39","guid":{"rendered":"https:\/\/hablemosclarotdf.com.ar\/?p=73576"},"modified":"2026-04-29T13:56:39","modified_gmt":"2026-04-29T16:56:39","slug":"melella-tenemos-la-oportunidad-de-dar-un-debate-profundo-y-construir-la-provincia-de-los-proximos-30-anos","status":"publish","type":"post","link":"https:\/\/hablemosclarotdf.com.ar\/?p=73576","title":{"rendered":"MELELLA: \u201cTENEMOS LA OPORTUNIDAD DE DAR UN DEBATE PROFUNDO Y CONSTRUIR LA PROVINCIA DE LOS PR\u00d3XIMOS 30 A\u00d1OS\u201d"},"content":{"rendered":"<p>En el marco de la convocatoria a elecciones a Convencionales Constituyentes para reformar la Constituci\u00f3n Provincial, el gobernador Gustavo Melella puso en valor la necesidad de avanzar en la reforma y remarc\u00f3 que se trata de un proceso que ya est\u00e1 en marcha, orientado a abrir una instancia amplia de debate colectivo sobre el presente y el futuro de Tierra del Fuego.<\/p>\n<p>En ese sentido, el Mandatario sostuvo que la actualizaci\u00f3n de la Carta Magna responde a los profundos cambios que atraves\u00f3 la provincia en las \u00faltimas d\u00e9cadas, y se\u00f1al\u00f3 que \u201cnuestra provincia no es la misma que cuando se sancion\u00f3 la Constituci\u00f3n\u201d, y que \u201ccambiaron los contextos sociales, econ\u00f3micos, tecnol\u00f3gicos y tambi\u00e9n el rol del Estado y por eso necesitamos darnos una discusi\u00f3n profunda que nos permita proyectar el futuro con herramientas acordes a esta etapa\u201d.<\/p>\n<p>Sobre esto, remarc\u00f3 que la reforma no responde a intereses individuales ni coyunturales y afirm\u00f3: \u201cNo es un capricho ni un berrinche, es una necesidad de la provincia\u201d, a la vez que agreg\u00f3: \u201cel objetivo es construir consensos amplios que nos permitan fortalecer derechos, mejorar el funcionamiento del Estado y pensar una provincia m\u00e1s justa para todos los fueguinos y fueguinas\u201d.<\/p>\n<p>Al mismo tiempo, plante\u00f3 que uno de los ejes centrales del proceso es avanzar en una mayor equidad institucional. En relaci\u00f3n a ello, sostuvo que \u201ces momento de terminar con ciertos privilegios de la pol\u00edtica que la sociedad ya no acompa\u00f1a y que algunos todav\u00eda no quieren discutir\u201d, y enfatiz\u00f3 que la reforma permitir\u00e1 abordar temas como la limitaci\u00f3n de reelecciones, la revisi\u00f3n de cargos vitalicios y la construcci\u00f3n de un Estado m\u00e1s eficiente y transparente.<\/p>\n<p>En la misma l\u00ednea, el Gobernador destac\u00f3 que la discusi\u00f3n constitucional permitir\u00e1 consolidar nuevos acuerdos en torno a derechos y desarrollo. As\u00ed, explic\u00f3 que \u201cqueremos garantizar la educaci\u00f3n como un derecho esencial junto con salarios dignos para nuestros docentes, proteger la inversi\u00f3n privada pero tambi\u00e9n a los trabajadores, y establecer reglas claras y modernas que acompa\u00f1en el crecimiento de la provincia\u201d.<\/p>\n<p>Por otra parte, hizo especial hincapi\u00e9 en el car\u00e1cter participativo del proceso constituyente. En esta l\u00ednea, expres\u00f3 que \u201cno es una discusi\u00f3n de la dirigencia pol\u00edtica solamente, es una oportunidad hist\u00f3rica para que participen todos los sectores: el Estado, el sector privado, los trabajadores, los j\u00f3venes y cada una de las comunidades de la provincia\u201d.<\/p>\n<p>Finalmente, Melella reafirm\u00f3 que el proceso ya se encuentra en curso y convoc\u00f3 a la ciudadan\u00eda a involucrarse activamente. \u201cNos merecemos como fueguinos y fueguinas dar este debate entre todos, con responsabilidad y con una mirada puesta en el futuro. Lo que est\u00e1 en juego es la provincia que vamos a construir para los pr\u00f3ximos 30 a\u00f1os\u201d, concluy\u00f3.<\/p>\n","protected":false},"excerpt":{"rendered":"<p>En el marco de la convocatoria a elecciones a Convencionales Constituyentes para reformar la Constituci\u00f3n&#8230;<\/p>\n","protected":false},"author":1,"featured_media":73577,"comment_status":"closed","ping_status":"closed","sticky":false,"template":"","format":"standard","meta":{"footnotes":""},"categories":[3],"tags":[],"class_list":["post-73576","post","type-post","status-publish","format-standard","has-post-thumbnail","hentry","category-noticias"],"jetpack_featured_media_url":"https:\/\/hablemosclarotdf.com.ar\/wp-content\/uploads\/2026\/04\/photo_2026-04-29_13-54-30.jpg","_links":{"self":[{"href":"https:\/\/hablemosclarotdf.com.ar\/index.php?rest_route=\/wp\/v2\/posts\/73576","targetHints":{"allow":["GET"]}}],"collection":[{"href":"https:\/\/hablemosclarotdf.com.ar\/index.php?rest_route=\/wp\/v2\/posts"}],"about":[{"href":"https:\/\/hablemosclarotdf.com.ar\/index.php?rest_route=\/wp\/v2\/types\/post"}],"author":[{"embeddable":true,"href":"https:\/\/hablemosclarotdf.com.ar\/index.php?rest_route=\/wp\/v2\/users\/1"}],"replies":[{"embeddable":true,"href":"https:\/\/hablemosclarotdf.com.ar\/index.php?rest_route=%2Fwp%2Fv2%2Fcomments&post=73576"}],"version-history":[{"count":1,"href":"https:\/\/hablemosclarotdf.com.ar\/index.php?rest_route=\/wp\/v2\/posts\/73576\/revisions"}],"predecessor-version":[{"id":73578,"href":"https:\/\/hablemosclarotdf.com.ar\/index.php?rest_route=\/wp\/v2\/posts\/73576\/revisions\/73578"}],"wp:featuredmedia":[{"embeddable":true,"href":"https:\/\/hablemosclarotdf.com.ar\/index.php?rest_route=\/wp\/v2\/media\/73577"}],"wp:attachment":[{"href":"https:\/\/hablemosclarotdf.com.ar\/index.php?rest_route=%2Fwp%2Fv2%2Fmedia&parent=73576"}],"wp:term":[{"taxonomy":"category","embeddable":true,"href":"https:\/\/hablemosclarotdf.com.ar\/index.php?rest_route=%2Fwp%2Fv2%2Fcategories&post=73576"},{"taxonomy":"post_tag","embeddable":true,"href":"https:\/\/hablemosclarotdf.com.ar\/index.php?rest_route=%2Fwp%2Fv2%2Ftags&post=73576"}],"curies":[{"name":"wp","href":"https:\/\/api.w.org\/{rel}","templated":true}]}}