{"id":73573,"date":"2026-04-29T13:51:44","date_gmt":"2026-04-29T16:51:44","guid":{"rendered":"https:\/\/hablemosclarotdf.com.ar\/?p=73573"},"modified":"2026-04-29T13:51:44","modified_gmt":"2026-04-29T16:51:44","slug":"tierra-del-fuego-inicia-el-camino-hacia-una-reforma-constitucional-moderna-y-sin-privilegios","status":"publish","type":"post","link":"https:\/\/hablemosclarotdf.com.ar\/?p=73573","title":{"rendered":"TIERRA DEL FUEGO INICIA EL CAMINO HACIA UNA REFORMA CONSTITUCIONAL MODERNA Y SIN PRIVILEGIOS"},"content":{"rendered":"<p>El Gobernador Gustavo Melella firm\u00f3 el llamado a elecciones a Convencionales Constituyentes que se estar\u00e1n celebrando el pr\u00f3ximo 9 de agosto, dando inicio a un proceso hist\u00f3rico de reforma parcial de la Constituci\u00f3n Provincial.<\/p>\n<p>La iniciativa busca actualizar la carta magna fueguina con una mirada de futuro, orientada a los pr\u00f3ximos 30 a\u00f1os, con eje en la modernizaci\u00f3n institucional, la reducci\u00f3n de privilegios y una mayor eficiencia del Estado.<\/p>\n<p>El gobernador Gustavo Melella destac\u00f3 que se trata de \u201cuna oportunidad \u00fanica para construir una Constituci\u00f3n moderna, justa y acorde a las demandas de la sociedad actual\u201d. En esa l\u00ednea, remarc\u00f3 que el proceso apunta a \u201cterminar con privilegios hist\u00f3ricos, ordenar el funcionamiento del Estado y garantizar reglas claras para todos\u201d.<\/p>\n<p>\u201cEl 9 de agosto los fueguinos y fueguinas vamos a comenzar a escribir una nueva etapa institucional. Queremos una Constituci\u00f3n que mire hacia adelante, que sea m\u00e1s transparente, m\u00e1s \u00e1gil y que recupere la confianza de la gente\u201d, afirm\u00f3 el mandatario.<\/p>\n<p>La reforma contempla una serie de ejes centrales que buscan transformar el funcionamiento pol\u00edtico y administrativo de la provincia:<\/p>\n<p>Uno de los pilares es terminar con los privilegios dentro de la pol\u00edtica. La iniciativa impulsa la eliminaci\u00f3n de cargos vitalicios y la revisi\u00f3n de los esquemas salariales, con el objetivo de reducir desigualdades y garantizar mayor transparencia en la funci\u00f3n p\u00fablica, reafirmando su car\u00e1cter de servicio a la comunidad.<\/p>\n<p>A su vez, se propone establecer reglas claras y equitativas para todos los cargos electivos, fijando un l\u00edmite de dos mandatos consecutivos. Esta medida busca consolidar la alternancia democr\u00e1tica, promover la participaci\u00f3n y evitar la permanencia prolongada en el poder.<\/p>\n<p>La modernizaci\u00f3n del Estado tambi\u00e9n ocupa un lugar central. A trav\u00e9s de la digitalizaci\u00f3n de procesos administrativos, se apunta a reducir la burocracia, agilizar tr\u00e1mites y facilitar la vida cotidiana de los ciudadanos, avanzando hacia un modelo de gesti\u00f3n m\u00e1s eficiente y accesible.<\/p>\n<p>En esa misma l\u00ednea, la reforma plantea un reordenamiento de las competencias entre la Provincia y los Municipios, con el objetivo de optimizar recursos, evitar superposiciones y mejorar la calidad de las respuestas a las demandas sociales, promoviendo una gesti\u00f3n m\u00e1s coordinada.<\/p>\n<p>Otro de los ejes clave es el fortalecimiento institucional del sistema judicial. La propuesta contempla mecanismos que garanticen mayor independencia y transparencia en la selecci\u00f3n de jueces, junto con la eliminaci\u00f3n de cargos vitalicios dentro del Poder Judicial.<\/p>\n<p>Asimismo, se buscar\u00e1 agilizar los procesos electorales, simplificando los calendarios y reduciendo costos, sin perder de vista la calidad democr\u00e1tica y la participaci\u00f3n ciudadana.<\/p>\n<p>La iniciativa tambi\u00e9n pone el foco en la renovaci\u00f3n pol\u00edtica, promoviendo el fin de los cargos eternos y evitando la consolidaci\u00f3n de estructuras permanentes de poder, con el objetivo de abrir paso a nuevas generaciones y miradas.<\/p>\n<p>Finalmente, la reforma reafirma la identidad y soberan\u00eda provincial al incorporar de manera expl\u00edcita la defensa de las Islas Malvinas como parte integral de Tierra del Fuego, consolidando este principio en el texto constitucional.<\/p>\n<p>De este modo, los lineamientos propuestos configuran una hoja de ruta orientada a consolidar un Estado m\u00e1s moderno, transparente y cercano a la ciudadan\u00eda, con reglas claras y una institucionalidad pensada para los desaf\u00edos del futuro.<\/p>\n<p>Melella subray\u00f3 que el objetivo final es \u201ciniciar un proceso sostenido de disminuci\u00f3n del gasto pol\u00edtico en todos los \u00f3rdenes del Estado, sin afectar derechos ni servicios esenciales\u201d. Asimismo, sostuvo que la reforma \u201cno es contra nadie, sino a favor de una provincia m\u00e1s justa, moderna y con instituciones m\u00e1s s\u00f3lidas\u201d.<\/p>\n<p>Con el llamado a elecciones ya en marcha, la ciudadan\u00eda fueguina tendr\u00e1 en sus manos la posibilidad de definir los cambios que marcar\u00e1n el rumbo institucional de la provincia en las pr\u00f3ximas d\u00e9cadas.<\/p>\n","protected":false},"excerpt":{"rendered":"<p>El Gobernador Gustavo Melella firm\u00f3 el llamado a elecciones a Convencionales Constituyentes que se estar\u00e1n&#8230;<\/p>\n","protected":false},"author":1,"featured_media":73574,"comment_status":"closed","ping_status":"closed","sticky":false,"template":"","format":"standard","meta":{"footnotes":""},"categories":[3],"tags":[],"class_list":["post-73573","post","type-post","status-publish","format-standard","has-post-thumbnail","hentry","category-noticias"],"jetpack_featured_media_url":"https:\/\/hablemosclarotdf.com.ar\/wp-content\/uploads\/2026\/04\/photo_2026-04-29_13-51-22.jpg","_links":{"self":[{"href":"https:\/\/hablemosclarotdf.com.ar\/index.php?rest_route=\/wp\/v2\/posts\/73573","targetHints":{"allow":["GET"]}}],"collection":[{"href":"https:\/\/hablemosclarotdf.com.ar\/index.php?rest_route=\/wp\/v2\/posts"}],"about":[{"href":"https:\/\/hablemosclarotdf.com.ar\/index.php?rest_route=\/wp\/v2\/types\/post"}],"author":[{"embeddable":true,"href":"https:\/\/hablemosclarotdf.com.ar\/index.php?rest_route=\/wp\/v2\/users\/1"}],"replies":[{"embeddable":true,"href":"https:\/\/hablemosclarotdf.com.ar\/index.php?rest_route=%2Fwp%2Fv2%2Fcomments&post=73573"}],"version-history":[{"count":1,"href":"https:\/\/hablemosclarotdf.com.ar\/index.php?rest_route=\/wp\/v2\/posts\/73573\/revisions"}],"predecessor-version":[{"id":73575,"href":"https:\/\/hablemosclarotdf.com.ar\/index.php?rest_route=\/wp\/v2\/posts\/73573\/revisions\/73575"}],"wp:featuredmedia":[{"embeddable":true,"href":"https:\/\/hablemosclarotdf.com.ar\/index.php?rest_route=\/wp\/v2\/media\/73574"}],"wp:attachment":[{"href":"https:\/\/hablemosclarotdf.com.ar\/index.php?rest_route=%2Fwp%2Fv2%2Fmedia&parent=73573"}],"wp:term":[{"taxonomy":"category","embeddable":true,"href":"https:\/\/hablemosclarotdf.com.ar\/index.php?rest_route=%2Fwp%2Fv2%2Fcategories&post=73573"},{"taxonomy":"post_tag","embeddable":true,"href":"https:\/\/hablemosclarotdf.com.ar\/index.php?rest_route=%2Fwp%2Fv2%2Ftags&post=73573"}],"curies":[{"name":"wp","href":"https:\/\/api.w.org\/{rel}","templated":true}]}}