{"id":73569,"date":"2026-04-29T13:48:41","date_gmt":"2026-04-29T16:48:41","guid":{"rendered":"https:\/\/hablemosclarotdf.com.ar\/?p=73569"},"modified":"2026-04-29T13:48:41","modified_gmt":"2026-04-29T16:48:41","slug":"rio-grande-sera-sede-del-pre-festival-folklorico-en-la-patagonia","status":"publish","type":"post","link":"https:\/\/hablemosclarotdf.com.ar\/?p=73569","title":{"rendered":"R\u00cdO GRANDE SER\u00c1 SEDE DEL PRE FESTIVAL FOLKL\u00d3RICO EN LA PATAGONIA"},"content":{"rendered":"<p>Dicho evento se desarrollar\u00e1 el 29 de mayo a las 20:30 horas en la Casa de la Cultura. La convocatoria est\u00e1 destinada a artistas fueguinos y fueguinas que presenten composiciones in\u00e9ditas de ra\u00edz folkl\u00f3rica y quieran representar a nuestra ciudad en el Festival Mayor en Punta Arenas. Quienes est\u00e9n interesados pueden inscribirse a trav\u00e9s del siguiente link: cultura.riogrande.gob.ar.<\/p>\n<p>El Municipio de R\u00edo Grande invita a la comunidad a ser parte del Pre-Festival Folkl\u00f3rico en la Patagonia, una propuesta cultural que busca promover y visibilizar el talento local mediante la m\u00fasica.<\/p>\n<p>El evento se desarrollar\u00e1 el 29 de mayo a las 20:30 horas en la Casa de la Cultura. Durante la velada, artistas fueguinos y fueguinas presentar\u00e1n composiciones musicales in\u00e9ditas de ra\u00edz folkl\u00f3rica, en el marco de una instancia competitiva que definir\u00e1 qui\u00e9n representar\u00e1 a nuestra ciudad en el Festival Folkl\u00f3rico en la Patagonia que se realizar\u00e1 en Punta Arenas.<\/p>\n<p>Cabe destacar que esta es la 4\u00b0 edici\u00f3n del Pre-Festival en R\u00edo Grande, una iniciativa que se lleva adelante de manera ininterrumpida a partir del hermanamiento firmado a\u00f1os atr\u00e1s entre ambas ciudades. En sus ediciones anteriores, los y las representantes locales han tenido destacadas participaciones, logrando acceder a instancias finales.<\/p>\n<p>Asimismo, el certamen brinda a los y las artistas la posibilidad de presentarse en la previa y compartir escenario con reconocidos referentes de la m\u00fasica folkl\u00f3rica a nivel internacional. En este sentido, en la edici\u00f3n pasada los y las participantes se presentaron en la previa de Los Charros de Lumaco y Los Nocheros; mientras que, en otras oportunidades, han compartido escenario con destacados artistas como Daniela Mercury, Abel Pintos, Soledad Pastorutti, entre otros.<\/p>\n<p>Por este motivo, el Municipio informa que las inscripciones para participar del Pre-Festival ya se encuentran abiertas. Las y los interesados en formar parte de esta experiencia que pone en valor la identidad cultural fueguina y que brinda la posibilidad de proyectarse en un escenario de car\u00e1cter internacional, podr\u00e1n postularse por medio del siguiente link: cultura.riogrande.gob.ar.<\/p>\n<p>Es importante remarcar que el Festival Folkl\u00f3rico en la Patagonia es un evento de gran relevancia en la regi\u00f3n, dado que re\u00fane a artistas de diferentes pa\u00edses y constituye una importante plataforma de difusi\u00f3n para la m\u00fasica.<\/p>\n<p>Mediante esta iniciativa, el Estado Municipal fortalece permanentemente el acompa\u00f1amiento a los y las artistas locales, generando espacios de encuentro, expresi\u00f3n y crecimiento para la cultura fueguina.<\/p>\n<p><img loading=\"lazy\" decoding=\"async\" class=\"alignnone size-medium wp-image-73571\" src=\"https:\/\/hablemosclarotdf.com.ar\/wp-content\/uploads\/2026\/04\/photo_2026-04-29_13-47-44-300x169.jpg\" alt=\"\" width=\"300\" height=\"169\" srcset=\"https:\/\/hablemosclarotdf.com.ar\/wp-content\/uploads\/2026\/04\/photo_2026-04-29_13-47-44-300x169.jpg 300w, https:\/\/hablemosclarotdf.com.ar\/wp-content\/uploads\/2026\/04\/photo_2026-04-29_13-47-44-1024x576.jpg 1024w, https:\/\/hablemosclarotdf.com.ar\/wp-content\/uploads\/2026\/04\/photo_2026-04-29_13-47-44-768x432.jpg 768w, https:\/\/hablemosclarotdf.com.ar\/wp-content\/uploads\/2026\/04\/photo_2026-04-29_13-47-44.jpg 1280w\" sizes=\"auto, (max-width: 300px) 100vw, 300px\" \/><\/p>\n","protected":false},"excerpt":{"rendered":"<p>Dicho evento se desarrollar\u00e1 el 29 de mayo a las 20:30 horas en la Casa&#8230;<\/p>\n","protected":false},"author":1,"featured_media":73570,"comment_status":"closed","ping_status":"closed","sticky":false,"template":"","format":"standard","meta":{"footnotes":""},"categories":[3],"tags":[],"class_list":["post-73569","post","type-post","status-publish","format-standard","has-post-thumbnail","hentry","category-noticias"],"jetpack_featured_media_url":"https:\/\/hablemosclarotdf.com.ar\/wp-content\/uploads\/2026\/04\/photo_2026-04-29_13-47-39.jpg","_links":{"self":[{"href":"https:\/\/hablemosclarotdf.com.ar\/index.php?rest_route=\/wp\/v2\/posts\/73569","targetHints":{"allow":["GET"]}}],"collection":[{"href":"https:\/\/hablemosclarotdf.com.ar\/index.php?rest_route=\/wp\/v2\/posts"}],"about":[{"href":"https:\/\/hablemosclarotdf.com.ar\/index.php?rest_route=\/wp\/v2\/types\/post"}],"author":[{"embeddable":true,"href":"https:\/\/hablemosclarotdf.com.ar\/index.php?rest_route=\/wp\/v2\/users\/1"}],"replies":[{"embeddable":true,"href":"https:\/\/hablemosclarotdf.com.ar\/index.php?rest_route=%2Fwp%2Fv2%2Fcomments&post=73569"}],"version-history":[{"count":1,"href":"https:\/\/hablemosclarotdf.com.ar\/index.php?rest_route=\/wp\/v2\/posts\/73569\/revisions"}],"predecessor-version":[{"id":73572,"href":"https:\/\/hablemosclarotdf.com.ar\/index.php?rest_route=\/wp\/v2\/posts\/73569\/revisions\/73572"}],"wp:featuredmedia":[{"embeddable":true,"href":"https:\/\/hablemosclarotdf.com.ar\/index.php?rest_route=\/wp\/v2\/media\/73570"}],"wp:attachment":[{"href":"https:\/\/hablemosclarotdf.com.ar\/index.php?rest_route=%2Fwp%2Fv2%2Fmedia&parent=73569"}],"wp:term":[{"taxonomy":"category","embeddable":true,"href":"https:\/\/hablemosclarotdf.com.ar\/index.php?rest_route=%2Fwp%2Fv2%2Fcategories&post=73569"},{"taxonomy":"post_tag","embeddable":true,"href":"https:\/\/hablemosclarotdf.com.ar\/index.php?rest_route=%2Fwp%2Fv2%2Ftags&post=73569"}],"curies":[{"name":"wp","href":"https:\/\/api.w.org\/{rel}","templated":true}]}}