{"id":73562,"date":"2026-04-29T13:46:09","date_gmt":"2026-04-29T16:46:09","guid":{"rendered":"https:\/\/hablemosclarotdf.com.ar\/?p=73562"},"modified":"2026-04-29T18:51:25","modified_gmt":"2026-04-29T21:51:25","slug":"c-d-tolhuin-presente-en-el-8-encuentro-nacional-de-concejos-deliberantes","status":"publish","type":"post","link":"https:\/\/hablemosclarotdf.com.ar\/?p=73562","title":{"rendered":"C.D.TOLHUIN :  PRESENTE EN EL 8\u00b0 ENCUENTRO NACIONAL DE CONCEJOS DELIBERANTES"},"content":{"rendered":"<p>El presidente del Concejo Deliberante de Tolhuin, Matias Rodriguez Ojeda particip\u00f3 este 27 y 28 de abril del 8\u00b0 Encuentro de Concejos Deliberantes de Argentina, realizado en R\u00edo Gallegos en el marco del Programa Legislaturas Conectadas, junto a concejales y concejalas de todo el pa\u00eds.<\/p>\n<p>Con eje en salud mental, movilidad urbana y concejos deliberantes de cercan\u00eda, el encuentro reuni\u00f3 a representantes legislativos para debatir problem\u00e1ticas concretas y construir herramientas con una mirada federal. La apertura cont\u00f3 con la participaci\u00f3n de la presidenta del Honorable Concejo Deliberante de R\u00edo Gallegos, Daniela D\u2019Amico, y de las representantes de Legislaturas Conectadas: la Lic. Julieta Aldea, coordinadora general, y la Lic. Mar\u00eda Josefina Balestra, coordinadora de comisiones.<\/p>\n<p>En ese marco, la presencia de Tolhuin reafirma el rol clave de los Concejos Deliberantes como \u00e1mbito de representaci\u00f3n directa, donde se expresan las demandas reales de la comunidad y se construyen respuestas desde la cercan\u00eda.<\/p>\n<p>Frente a contextos donde muchas veces se intenta minimizar o deslegitimar la tarea legislativa, estos espacios fortalecen la institucionalidad y ponen en valor la importancia de un Concejo activo, que debate, propone y defiende los intereses de sus vecinos.<\/p>\n<p><img loading=\"lazy\" decoding=\"async\" class=\"alignnone size-medium wp-image-73564\" src=\"https:\/\/hablemosclarotdf.com.ar\/wp-content\/uploads\/2026\/04\/photo_2026-04-29_13-44-17-300x200.jpg\" alt=\"\" width=\"300\" height=\"200\" srcset=\"https:\/\/hablemosclarotdf.com.ar\/wp-content\/uploads\/2026\/04\/photo_2026-04-29_13-44-17-300x200.jpg 300w, https:\/\/hablemosclarotdf.com.ar\/wp-content\/uploads\/2026\/04\/photo_2026-04-29_13-44-17-1024x682.jpg 1024w, https:\/\/hablemosclarotdf.com.ar\/wp-content\/uploads\/2026\/04\/photo_2026-04-29_13-44-17-768x512.jpg 768w, https:\/\/hablemosclarotdf.com.ar\/wp-content\/uploads\/2026\/04\/photo_2026-04-29_13-44-17.jpg 1280w\" sizes=\"auto, (max-width: 300px) 100vw, 300px\" \/> <img loading=\"lazy\" decoding=\"async\" class=\"alignnone size-medium wp-image-73565\" src=\"https:\/\/hablemosclarotdf.com.ar\/wp-content\/uploads\/2026\/04\/photo_2026-04-29_13-44-21-300x200.jpg\" alt=\"\" width=\"300\" height=\"200\" srcset=\"https:\/\/hablemosclarotdf.com.ar\/wp-content\/uploads\/2026\/04\/photo_2026-04-29_13-44-21-300x200.jpg 300w, https:\/\/hablemosclarotdf.com.ar\/wp-content\/uploads\/2026\/04\/photo_2026-04-29_13-44-21-1024x682.jpg 1024w, https:\/\/hablemosclarotdf.com.ar\/wp-content\/uploads\/2026\/04\/photo_2026-04-29_13-44-21-768x512.jpg 768w, https:\/\/hablemosclarotdf.com.ar\/wp-content\/uploads\/2026\/04\/photo_2026-04-29_13-44-21.jpg 1280w\" sizes=\"auto, (max-width: 300px) 100vw, 300px\" \/> <img loading=\"lazy\" decoding=\"async\" class=\"alignnone size-medium wp-image-73566\" src=\"https:\/\/hablemosclarotdf.com.ar\/wp-content\/uploads\/2026\/04\/photo_2026-04-29_13-44-27-300x200.jpg\" alt=\"\" width=\"300\" height=\"200\" srcset=\"https:\/\/hablemosclarotdf.com.ar\/wp-content\/uploads\/2026\/04\/photo_2026-04-29_13-44-27-300x200.jpg 300w, https:\/\/hablemosclarotdf.com.ar\/wp-content\/uploads\/2026\/04\/photo_2026-04-29_13-44-27-1024x682.jpg 1024w, https:\/\/hablemosclarotdf.com.ar\/wp-content\/uploads\/2026\/04\/photo_2026-04-29_13-44-27-768x512.jpg 768w, https:\/\/hablemosclarotdf.com.ar\/wp-content\/uploads\/2026\/04\/photo_2026-04-29_13-44-27.jpg 1280w\" sizes=\"auto, (max-width: 300px) 100vw, 300px\" \/> <img loading=\"lazy\" decoding=\"async\" class=\"alignnone size-medium wp-image-73567\" src=\"https:\/\/hablemosclarotdf.com.ar\/wp-content\/uploads\/2026\/04\/photo_2026-04-29_13-44-33-300x225.jpg\" alt=\"\" width=\"300\" height=\"225\" srcset=\"https:\/\/hablemosclarotdf.com.ar\/wp-content\/uploads\/2026\/04\/photo_2026-04-29_13-44-33-300x225.jpg 300w, https:\/\/hablemosclarotdf.com.ar\/wp-content\/uploads\/2026\/04\/photo_2026-04-29_13-44-33-1024x768.jpg 1024w, https:\/\/hablemosclarotdf.com.ar\/wp-content\/uploads\/2026\/04\/photo_2026-04-29_13-44-33-768x576.jpg 768w, https:\/\/hablemosclarotdf.com.ar\/wp-content\/uploads\/2026\/04\/photo_2026-04-29_13-44-33.jpg 1280w\" sizes=\"auto, (max-width: 300px) 100vw, 300px\" \/><\/p>\n<p>&nbsp;<\/p>\n<div style=\"width: 474px;\" class=\"wp-video\"><video class=\"wp-video-shortcode\" id=\"video-73562-1\" width=\"474\" height=\"850\" preload=\"metadata\" controls=\"controls\"><source type=\"video\/mp4\" src=\"https:\/\/hablemosclarotdf.com.ar\/wp-content\/uploads\/2026\/04\/video_2026-04-29_18-48-58.mp4?_=1\" \/><a href=\"https:\/\/hablemosclarotdf.com.ar\/wp-content\/uploads\/2026\/04\/video_2026-04-29_18-48-58.mp4\">https:\/\/hablemosclarotdf.com.ar\/wp-content\/uploads\/2026\/04\/video_2026-04-29_18-48-58.mp4<\/a><\/video><\/div>\n","protected":false},"excerpt":{"rendered":"<p>El presidente del Concejo Deliberante de Tolhuin, Matias Rodriguez Ojeda particip\u00f3 este 27 y 28&#8230;<\/p>\n","protected":false},"author":1,"featured_media":73563,"comment_status":"closed","ping_status":"closed","sticky":false,"template":"","format":"standard","meta":{"footnotes":""},"categories":[3],"tags":[],"class_list":["post-73562","post","type-post","status-publish","format-standard","has-post-thumbnail","hentry","category-noticias"],"jetpack_featured_media_url":"https:\/\/hablemosclarotdf.com.ar\/wp-content\/uploads\/2026\/04\/photo_2026-04-29_13-44-13.jpg","_links":{"self":[{"href":"https:\/\/hablemosclarotdf.com.ar\/index.php?rest_route=\/wp\/v2\/posts\/73562","targetHints":{"allow":["GET"]}}],"collection":[{"href":"https:\/\/hablemosclarotdf.com.ar\/index.php?rest_route=\/wp\/v2\/posts"}],"about":[{"href":"https:\/\/hablemosclarotdf.com.ar\/index.php?rest_route=\/wp\/v2\/types\/post"}],"author":[{"embeddable":true,"href":"https:\/\/hablemosclarotdf.com.ar\/index.php?rest_route=\/wp\/v2\/users\/1"}],"replies":[{"embeddable":true,"href":"https:\/\/hablemosclarotdf.com.ar\/index.php?rest_route=%2Fwp%2Fv2%2Fcomments&post=73562"}],"version-history":[{"count":3,"href":"https:\/\/hablemosclarotdf.com.ar\/index.php?rest_route=\/wp\/v2\/posts\/73562\/revisions"}],"predecessor-version":[{"id":73598,"href":"https:\/\/hablemosclarotdf.com.ar\/index.php?rest_route=\/wp\/v2\/posts\/73562\/revisions\/73598"}],"wp:featuredmedia":[{"embeddable":true,"href":"https:\/\/hablemosclarotdf.com.ar\/index.php?rest_route=\/wp\/v2\/media\/73563"}],"wp:attachment":[{"href":"https:\/\/hablemosclarotdf.com.ar\/index.php?rest_route=%2Fwp%2Fv2%2Fmedia&parent=73562"}],"wp:term":[{"taxonomy":"category","embeddable":true,"href":"https:\/\/hablemosclarotdf.com.ar\/index.php?rest_route=%2Fwp%2Fv2%2Fcategories&post=73562"},{"taxonomy":"post_tag","embeddable":true,"href":"https:\/\/hablemosclarotdf.com.ar\/index.php?rest_route=%2Fwp%2Fv2%2Ftags&post=73562"}],"curies":[{"name":"wp","href":"https:\/\/api.w.org\/{rel}","templated":true}]}}