{"id":73554,"date":"2026-04-29T11:12:08","date_gmt":"2026-04-29T14:12:08","guid":{"rendered":"https:\/\/hablemosclarotdf.com.ar\/?p=73554"},"modified":"2026-04-29T11:12:08","modified_gmt":"2026-04-29T14:12:08","slug":"la-provincia-continua-apostando-a-la-produccion-organica","status":"publish","type":"post","link":"https:\/\/hablemosclarotdf.com.ar\/?p=73554","title":{"rendered":"LA PROVINCIA CONTIN\u00daA APOSTANDO A LA PRODUCCI\u00d3N ORG\u00c1NICA"},"content":{"rendered":"<p>La Secretar\u00eda de Desarrollo Productivo y PyME, dependiente del Ministerio de Producci\u00f3n y Ambiente, llev\u00f3 adelante en R\u00edo Grande una nueva edici\u00f3n del programa \u201cFormaci\u00f3n para Implementadores de la Normativa Org\u00e1nica Argentina\u201d, en esta oportunidad aplicada a la cadena hort\u00edcola.<\/p>\n<p>Durante tres jornadas intensivas, participaron profesionales, t\u00e9cnicos, productores y estudiantes interesados en fortalecer sus conocimientos en producci\u00f3n org\u00e1nica.<\/p>\n<p>En esta segunda edici\u00f3n se abordaron el marco normativo vigente, los procesos de certificaci\u00f3n, el rol de los organismos de control y aspectos t\u00e9cnicos clave para la producci\u00f3n hort\u00edcola, como el manejo de suelos, la fertilidad, el uso de bioinsumos y la producci\u00f3n de semillas.<\/p>\n<p>Asimismo, se realizaron exposiciones a cargo de especialistas de organismos nacionales e instituciones acad\u00e9micas, quienes aportaron una mirada integral sobre el desarrollo del sector, sus desaf\u00edos y oportunidades.<\/p>\n<p>Como cierre, se llev\u00f3 adelante una instancia pr\u00e1ctica a campo en el establecimiento productivo \u201cTechando Viento\u201d, donde los participantes aplicaron los conocimientos adquiridos a trav\u00e9s de un ejercicio de diagn\u00f3stico para la reconversi\u00f3n a producci\u00f3n org\u00e1nica.<\/p>\n<p>La secretaria de Desarrollo Productivo y PyME, Carolina Hern\u00e1ndez, destac\u00f3 la importancia de continuar generando estos espacios de formaci\u00f3n, orientados a consolidar capacidades t\u00e9cnicas locales que permitan acompa\u00f1ar a las empresas en la implementaci\u00f3n y sostenimiento de la certificaci\u00f3n org\u00e1nica.<\/p>\n<p><img loading=\"lazy\" decoding=\"async\" class=\"alignnone size-medium wp-image-73556\" src=\"https:\/\/hablemosclarotdf.com.ar\/wp-content\/uploads\/2026\/04\/photo_2026-04-29_11-10-43-300x200.jpg\" alt=\"\" width=\"300\" height=\"200\" srcset=\"https:\/\/hablemosclarotdf.com.ar\/wp-content\/uploads\/2026\/04\/photo_2026-04-29_11-10-43-300x200.jpg 300w, https:\/\/hablemosclarotdf.com.ar\/wp-content\/uploads\/2026\/04\/photo_2026-04-29_11-10-43-1024x683.jpg 1024w, https:\/\/hablemosclarotdf.com.ar\/wp-content\/uploads\/2026\/04\/photo_2026-04-29_11-10-43-768x512.jpg 768w, https:\/\/hablemosclarotdf.com.ar\/wp-content\/uploads\/2026\/04\/photo_2026-04-29_11-10-43.jpg 1280w\" sizes=\"auto, (max-width: 300px) 100vw, 300px\" \/> <img loading=\"lazy\" decoding=\"async\" class=\"alignnone size-medium wp-image-73557\" src=\"https:\/\/hablemosclarotdf.com.ar\/wp-content\/uploads\/2026\/04\/photo_2026-04-29_11-10-48-300x225.jpg\" alt=\"\" width=\"300\" height=\"225\" srcset=\"https:\/\/hablemosclarotdf.com.ar\/wp-content\/uploads\/2026\/04\/photo_2026-04-29_11-10-48-300x225.jpg 300w, https:\/\/hablemosclarotdf.com.ar\/wp-content\/uploads\/2026\/04\/photo_2026-04-29_11-10-48-1024x768.jpg 1024w, https:\/\/hablemosclarotdf.com.ar\/wp-content\/uploads\/2026\/04\/photo_2026-04-29_11-10-48-768x576.jpg 768w, https:\/\/hablemosclarotdf.com.ar\/wp-content\/uploads\/2026\/04\/photo_2026-04-29_11-10-48.jpg 1280w\" sizes=\"auto, (max-width: 300px) 100vw, 300px\" \/> <img loading=\"lazy\" decoding=\"async\" class=\"alignnone size-medium wp-image-73558\" src=\"https:\/\/hablemosclarotdf.com.ar\/wp-content\/uploads\/2026\/04\/photo_2026-04-29_11-10-54-300x225.jpg\" alt=\"\" width=\"300\" height=\"225\" srcset=\"https:\/\/hablemosclarotdf.com.ar\/wp-content\/uploads\/2026\/04\/photo_2026-04-29_11-10-54-300x225.jpg 300w, https:\/\/hablemosclarotdf.com.ar\/wp-content\/uploads\/2026\/04\/photo_2026-04-29_11-10-54-1024x768.jpg 1024w, https:\/\/hablemosclarotdf.com.ar\/wp-content\/uploads\/2026\/04\/photo_2026-04-29_11-10-54-768x576.jpg 768w, https:\/\/hablemosclarotdf.com.ar\/wp-content\/uploads\/2026\/04\/photo_2026-04-29_11-10-54.jpg 1280w\" sizes=\"auto, (max-width: 300px) 100vw, 300px\" \/><\/p>\n","protected":false},"excerpt":{"rendered":"<p>La Secretar\u00eda de Desarrollo Productivo y PyME, dependiente del Ministerio de Producci\u00f3n y Ambiente, llev\u00f3&#8230;<\/p>\n","protected":false},"author":1,"featured_media":73555,"comment_status":"closed","ping_status":"closed","sticky":false,"template":"","format":"standard","meta":{"footnotes":""},"categories":[3],"tags":[],"class_list":["post-73554","post","type-post","status-publish","format-standard","has-post-thumbnail","hentry","category-noticias"],"jetpack_featured_media_url":"https:\/\/hablemosclarotdf.com.ar\/wp-content\/uploads\/2026\/04\/photo_2026-04-29_11-10-37.jpg","_links":{"self":[{"href":"https:\/\/hablemosclarotdf.com.ar\/index.php?rest_route=\/wp\/v2\/posts\/73554","targetHints":{"allow":["GET"]}}],"collection":[{"href":"https:\/\/hablemosclarotdf.com.ar\/index.php?rest_route=\/wp\/v2\/posts"}],"about":[{"href":"https:\/\/hablemosclarotdf.com.ar\/index.php?rest_route=\/wp\/v2\/types\/post"}],"author":[{"embeddable":true,"href":"https:\/\/hablemosclarotdf.com.ar\/index.php?rest_route=\/wp\/v2\/users\/1"}],"replies":[{"embeddable":true,"href":"https:\/\/hablemosclarotdf.com.ar\/index.php?rest_route=%2Fwp%2Fv2%2Fcomments&post=73554"}],"version-history":[{"count":1,"href":"https:\/\/hablemosclarotdf.com.ar\/index.php?rest_route=\/wp\/v2\/posts\/73554\/revisions"}],"predecessor-version":[{"id":73559,"href":"https:\/\/hablemosclarotdf.com.ar\/index.php?rest_route=\/wp\/v2\/posts\/73554\/revisions\/73559"}],"wp:featuredmedia":[{"embeddable":true,"href":"https:\/\/hablemosclarotdf.com.ar\/index.php?rest_route=\/wp\/v2\/media\/73555"}],"wp:attachment":[{"href":"https:\/\/hablemosclarotdf.com.ar\/index.php?rest_route=%2Fwp%2Fv2%2Fmedia&parent=73554"}],"wp:term":[{"taxonomy":"category","embeddable":true,"href":"https:\/\/hablemosclarotdf.com.ar\/index.php?rest_route=%2Fwp%2Fv2%2Fcategories&post=73554"},{"taxonomy":"post_tag","embeddable":true,"href":"https:\/\/hablemosclarotdf.com.ar\/index.php?rest_route=%2Fwp%2Fv2%2Ftags&post=73554"}],"curies":[{"name":"wp","href":"https:\/\/api.w.org\/{rel}","templated":true}]}}