{"id":73549,"date":"2026-04-29T11:09:12","date_gmt":"2026-04-29T14:09:12","guid":{"rendered":"https:\/\/hablemosclarotdf.com.ar\/?p=73549"},"modified":"2026-04-29T11:09:12","modified_gmt":"2026-04-29T14:09:12","slug":"rio-grande-profundizan-su-vinculo-en-materia-de-salud-el-municipio-y-la-universidad-nacional-de-la-plata","status":"publish","type":"post","link":"https:\/\/hablemosclarotdf.com.ar\/?p=73549","title":{"rendered":"RIO GRANDE : PROFUNDIZAN SU V\u00cdNCULO EN MATERIA DE SALUD EL MUNICIPIO Y LA UNIVERSIDAD NACIONAL DE LA PLATA"},"content":{"rendered":"<p>Ambas instituciones consolidan una agenda de trabajo conjunto -sostenida durante los \u00faltimos dos a\u00f1os- mediante la firma de un Convenio Marco de Colaboraci\u00f3n y Cooperaci\u00f3n Institucional. El acuerdo fue rubricado por el intendente Mart\u00edn Perez y el presidente de la Casa de Altos Estudios, Fernando Tauber. Ratifica la articulaci\u00f3n en materia de formaci\u00f3n, investigaci\u00f3n, extensi\u00f3n y desarrollo de propuestas acad\u00e9micas de inter\u00e9s com\u00fan, con especial foco en salud.<\/p>\n<p>Tambi\u00e9n estuvieron presentes: el subsecretario de Salud, Dr. Agust\u00edn Perez, y el prosecretario de la Universidad Nacional de La Plata, Dr. Manuel Fonseca. A partir de este convenio, se busca afianzar la ejecuci\u00f3n conjunta y coordinada de programas y proyectos vinculados a la docencia, la investigaci\u00f3n y la extensi\u00f3n universitaria, generando nuevas oportunidades de acceso al conocimiento para las y los riograndenses, en propuestas que responden a necesidades locales y regionales en materia sanitaria.<\/p>\n<p>Con esta firma, el Municipio de R\u00edo Grande y la Universidad Nacional de La Plata dan continuidad a una agenda de trabajo enfocada en la formaci\u00f3n y el fortalecimiento de capacidades en salud.<\/p>\n<p>Al respecto, el subsecretario de Salud, Dr. Agust\u00edn Perez expres\u00f3 que \u201ceste convenio no es un hecho aislado, sino la consolidaci\u00f3n de un camino que venimos recorriendo desde hace dos a\u00f1os junto a la Universidad Nacional de La Plata, con un prop\u00f3sito muy claro: fortalecer las capacidades locales en salud a partir del acceso al conocimiento y la formaci\u00f3n universitaria p\u00fablica y de calidad\u201d.<\/p>\n<p>\u201cDesde el Municipio entendemos que la salud no se construye s\u00f3lo desde el sistema sanitario, sino tambi\u00e9n desde la educaci\u00f3n, la formaci\u00f3n y el trabajo articulado con universidades e instituciones de referencia\u201d, afirm\u00f3. Y en este sentido, remarc\u00f3: \u201cvamos a seguir profundizando este v\u00ednculo porque estamos convencidos de que invertir en conocimiento es invertir en una mejor salud para los riograndenses\u201d.<\/p>\n<p>Este trabajo articulado, que se viene desarrollando sostenidamente desde hace dos a\u00f1os, da un nuevo paso con el inicio de las Propuestas Acad\u00e9micas Universitarias en Salud 2026. La primera capacitaci\u00f3n, denominada \u201cSalud en infancias y adolescencias: desaf\u00edos contempor\u00e1neos\u201d, dar\u00e1 inicio este 29 de abril con m\u00e1s de 2000 personas inscriptas de toda la provincia.<\/p>\n<p>Dicha iniciativa cuenta, adem\u00e1s, con la participaci\u00f3n del Ministerio P\u00fablico de la Defensa de la Naci\u00f3n, la Asociaci\u00f3n de Psiquiatras de Am\u00e9rica Latina y la Asociaci\u00f3n de Psiquiatras de Argentina. Se trata de una propuesta que busca acercar herramientas de prevenci\u00f3n, detecci\u00f3n temprana y acompa\u00f1amiento en salud a la comunidad fueguina. A esta propuesta se suman otras instancias de formaci\u00f3n como \u201cConsumos problem\u00e1ticos: abordajes posibles\u201d, \u201cPrevenci\u00f3n del suicidio y salud mental\u201d y \u201cAbordaje de ni\u00f1os con desaf\u00edos en el neurodesarrollo\u201d.<\/p>\n<p>Como antecedente de este v\u00ednculo sostenido, ambas instituciones ya han impulsado de manera conjunta la Diplomatura Universitaria en Promoci\u00f3n y Gesti\u00f3n de la Salud Comunitaria, destinada a agentes sanitarios que integran los equipos de salud del Municipio, as\u00ed como el Curso Universitario Anual de Formaci\u00f3n de Agentes Multiplicadores en Prevenci\u00f3n del Suicidio.<\/p>\n<p><img loading=\"lazy\" decoding=\"async\" class=\"alignnone size-medium wp-image-73552\" src=\"https:\/\/hablemosclarotdf.com.ar\/wp-content\/uploads\/2026\/04\/photo_2026-04-29_11-07-50-300x200.jpg\" alt=\"\" width=\"300\" height=\"200\" srcset=\"https:\/\/hablemosclarotdf.com.ar\/wp-content\/uploads\/2026\/04\/photo_2026-04-29_11-07-50-300x200.jpg 300w, https:\/\/hablemosclarotdf.com.ar\/wp-content\/uploads\/2026\/04\/photo_2026-04-29_11-07-50-1024x683.jpg 1024w, https:\/\/hablemosclarotdf.com.ar\/wp-content\/uploads\/2026\/04\/photo_2026-04-29_11-07-50-768x512.jpg 768w, https:\/\/hablemosclarotdf.com.ar\/wp-content\/uploads\/2026\/04\/photo_2026-04-29_11-07-50.jpg 1044w\" sizes=\"auto, (max-width: 300px) 100vw, 300px\" \/><\/p>\n","protected":false},"excerpt":{"rendered":"<p>Ambas instituciones consolidan una agenda de trabajo conjunto -sostenida durante los \u00faltimos dos a\u00f1os- mediante&#8230;<\/p>\n","protected":false},"author":1,"featured_media":73551,"comment_status":"closed","ping_status":"closed","sticky":false,"template":"","format":"standard","meta":{"footnotes":""},"categories":[3],"tags":[],"class_list":["post-73549","post","type-post","status-publish","format-standard","has-post-thumbnail","hentry","category-noticias"],"jetpack_featured_media_url":"https:\/\/hablemosclarotdf.com.ar\/wp-content\/uploads\/2026\/04\/photo_2026-04-29_11-07-45.jpg","_links":{"self":[{"href":"https:\/\/hablemosclarotdf.com.ar\/index.php?rest_route=\/wp\/v2\/posts\/73549","targetHints":{"allow":["GET"]}}],"collection":[{"href":"https:\/\/hablemosclarotdf.com.ar\/index.php?rest_route=\/wp\/v2\/posts"}],"about":[{"href":"https:\/\/hablemosclarotdf.com.ar\/index.php?rest_route=\/wp\/v2\/types\/post"}],"author":[{"embeddable":true,"href":"https:\/\/hablemosclarotdf.com.ar\/index.php?rest_route=\/wp\/v2\/users\/1"}],"replies":[{"embeddable":true,"href":"https:\/\/hablemosclarotdf.com.ar\/index.php?rest_route=%2Fwp%2Fv2%2Fcomments&post=73549"}],"version-history":[{"count":2,"href":"https:\/\/hablemosclarotdf.com.ar\/index.php?rest_route=\/wp\/v2\/posts\/73549\/revisions"}],"predecessor-version":[{"id":73553,"href":"https:\/\/hablemosclarotdf.com.ar\/index.php?rest_route=\/wp\/v2\/posts\/73549\/revisions\/73553"}],"wp:featuredmedia":[{"embeddable":true,"href":"https:\/\/hablemosclarotdf.com.ar\/index.php?rest_route=\/wp\/v2\/media\/73551"}],"wp:attachment":[{"href":"https:\/\/hablemosclarotdf.com.ar\/index.php?rest_route=%2Fwp%2Fv2%2Fmedia&parent=73549"}],"wp:term":[{"taxonomy":"category","embeddable":true,"href":"https:\/\/hablemosclarotdf.com.ar\/index.php?rest_route=%2Fwp%2Fv2%2Fcategories&post=73549"},{"taxonomy":"post_tag","embeddable":true,"href":"https:\/\/hablemosclarotdf.com.ar\/index.php?rest_route=%2Fwp%2Fv2%2Ftags&post=73549"}],"curies":[{"name":"wp","href":"https:\/\/api.w.org\/{rel}","templated":true}]}}