{"id":73545,"date":"2026-04-29T11:04:08","date_gmt":"2026-04-29T14:04:08","guid":{"rendered":"https:\/\/hablemosclarotdf.com.ar\/?p=73545"},"modified":"2026-04-29T11:14:39","modified_gmt":"2026-04-29T14:14:39","slug":"ushuaia-la-secretaria-de-politicas-ambientales-culturales-y-educativas-impulsara-un-taller-intensivo-de-ensambles-de-percusion","status":"publish","type":"post","link":"https:\/\/hablemosclarotdf.com.ar\/?p=73545","title":{"rendered":"USHUAIA : LA SECRETAR\u00cdA DE POL\u00cdTICAS AMBIENTALES, CULTURALES Y EDUCATIVAS IMPULSAR\u00c1 UN TALLER INTENSIVO DE ENSAMBLES DE PERCUSI\u00d3N"},"content":{"rendered":"<p>La propuesta ser\u00e1 dictada por el programa sociocultural la \u201cFamilia del Tambor\u201d<\/p>\n<p>&nbsp;<\/p>\n<p>La Secretar\u00eda de Pol\u00edticas Ambientales, Culturales y Educativas de la Municipalidad de Ushuaia impulsar\u00e1 en el Medio Ca\u00f1o un Taller Intensivo de Formaci\u00f3n de Directores y Directoras en ensambles de percusi\u00f3n. Qui\u00e9nes deseen inscribirse, podr\u00e1n hacerlo v\u00eda WhatsApp al 2901-400987.<br \/>\nDicha iniciativa estar\u00e1 a cargo del programa sociocultural la \u201cFamilia del Tambor\u201d, realiz\u00e1ndose en el Medio Ca\u00f1o todos los martes de mayo a las 20:00 horas. El mismo est\u00e1 destinado a mayores de 14 a\u00f1os con conocimiento previo en percusi\u00f3n, brindando herramientas de percusi\u00f3n de matriz Afrobrasile\u00f1a.<br \/>\nDesde la gesti\u00f3n municipal, se contin\u00faa fortaleciendo las instancias y espacios de capacitaci\u00f3n y aprendizaje, brindando nuevas actividades para todos los vecinos y vecinas de la ciudad.<br \/>\nQui\u00e9nes deseen conocer m\u00e1s sobre las propuestas culturales que la Municipalidad de Ushuaia impulsa, las y los interesados podr\u00e1n visitar las redes sociales de la Secretar\u00eda de Pol\u00edticas Ambientales, Culturales y Educativas en @AmbienteCulturaEducacion.Ush, as\u00ed como el WhatsApp para realizar el proceso de inscripci\u00f3n en 2901-400987.<\/p>\n","protected":false},"excerpt":{"rendered":"<p>La propuesta ser\u00e1 dictada por el programa sociocultural la \u201cFamilia del Tambor\u201d &nbsp; La Secretar\u00eda&#8230;<\/p>\n","protected":false},"author":1,"featured_media":73561,"comment_status":"closed","ping_status":"closed","sticky":false,"template":"","format":"standard","meta":{"footnotes":""},"categories":[3],"tags":[],"class_list":["post-73545","post","type-post","status-publish","format-standard","has-post-thumbnail","hentry","category-noticias"],"jetpack_featured_media_url":"https:\/\/hablemosclarotdf.com.ar\/wp-content\/uploads\/2026\/04\/photo_2026-04-29_11-13-45.jpg","_links":{"self":[{"href":"https:\/\/hablemosclarotdf.com.ar\/index.php?rest_route=\/wp\/v2\/posts\/73545","targetHints":{"allow":["GET"]}}],"collection":[{"href":"https:\/\/hablemosclarotdf.com.ar\/index.php?rest_route=\/wp\/v2\/posts"}],"about":[{"href":"https:\/\/hablemosclarotdf.com.ar\/index.php?rest_route=\/wp\/v2\/types\/post"}],"author":[{"embeddable":true,"href":"https:\/\/hablemosclarotdf.com.ar\/index.php?rest_route=\/wp\/v2\/users\/1"}],"replies":[{"embeddable":true,"href":"https:\/\/hablemosclarotdf.com.ar\/index.php?rest_route=%2Fwp%2Fv2%2Fcomments&post=73545"}],"version-history":[{"count":1,"href":"https:\/\/hablemosclarotdf.com.ar\/index.php?rest_route=\/wp\/v2\/posts\/73545\/revisions"}],"predecessor-version":[{"id":73548,"href":"https:\/\/hablemosclarotdf.com.ar\/index.php?rest_route=\/wp\/v2\/posts\/73545\/revisions\/73548"}],"wp:featuredmedia":[{"embeddable":true,"href":"https:\/\/hablemosclarotdf.com.ar\/index.php?rest_route=\/wp\/v2\/media\/73561"}],"wp:attachment":[{"href":"https:\/\/hablemosclarotdf.com.ar\/index.php?rest_route=%2Fwp%2Fv2%2Fmedia&parent=73545"}],"wp:term":[{"taxonomy":"category","embeddable":true,"href":"https:\/\/hablemosclarotdf.com.ar\/index.php?rest_route=%2Fwp%2Fv2%2Fcategories&post=73545"},{"taxonomy":"post_tag","embeddable":true,"href":"https:\/\/hablemosclarotdf.com.ar\/index.php?rest_route=%2Fwp%2Fv2%2Ftags&post=73545"}],"curies":[{"name":"wp","href":"https:\/\/api.w.org\/{rel}","templated":true}]}}