{"id":73513,"date":"2026-04-28T17:30:38","date_gmt":"2026-04-28T20:30:38","guid":{"rendered":"https:\/\/hablemosclarotdf.com.ar\/?p=73513"},"modified":"2026-04-28T17:30:38","modified_gmt":"2026-04-28T20:30:38","slug":"en-tolhuin-la-policia-provincial-mantiene-reuniones-con-vecinos-para-reforzar-tareas-de-prevencion-del-delito","status":"publish","type":"post","link":"https:\/\/hablemosclarotdf.com.ar\/?p=73513","title":{"rendered":"EN TOLHUIN, LA POLIC\u00cdA PROVINCIAL MANTIENE REUNIONES CON VECINOS PARA REFORZAR TAREAS DE PREVENCI\u00d3N DEL DELITO"},"content":{"rendered":"<p>Autoridades de la Polic\u00eda de la Provincia se reunieron con vecinos del barrio \u201cAltos de la Laguna\u201d y enfatizaron la importancia de reforzar la comunicaci\u00f3n directa a trav\u00e9s del 101 para prevenir delitos y responder r\u00e1pidamente ante situaciones sospechosas. Adem\u00e1s, se crear\u00e1 una mesa de trabajo y mantendr\u00e1n reuniones peri\u00f3dicas para ajustar estrategias preventivas.<\/p>\n<p>Tras una reuni\u00f3n mantenida con vecinos del barrio \u201cAltos de la Laguna\u201d de la ciudad de Tolhuin, autoridades de la Polic\u00eda de la Provincia enfatizaron la importancia de reforzar la comunicaci\u00f3n directa a trav\u00e9s del 101 para prevenir delitos y responder r\u00e1pidamente ante situaciones sospechosas.<\/p>\n<p>El jefe de la Unidad Regional Centro de la Polic\u00eda de la Provincia, Comisario Mayor V\u00edctor Serrano, destac\u00f3 los alcances del encuentro y sostuvo que \u201cnuestra prioridad es escuchar de primera mano a los vecinos y sus inquietudes\u201d, entendiendo \u201cla preocupaci\u00f3n que tienen por sus propiedades y estamos aqu\u00ed para trabajar en conjunto\u201d.<\/p>\n<p>\u201cDurante la reuni\u00f3n se abordaron distintos temas, pero se hizo hincapi\u00e9 y es vital que el vecino se comunique al 101 ante cualquier situaci\u00f3n sospechosa, porque esto activa la prevenci\u00f3n temprana y ante la presencia de cualquier persona extra\u00f1a o veh\u00edculo que llame la atenci\u00f3n, los vecinos no tienen que dudar en comunicarse y el m\u00f3vil policial acudir\u00e1 a la brevedad\u201d, destac\u00f3.<\/p>\n<p>En ese sentido, el Comisario Serrano asegur\u00f3 que \u201ces fundamental destacar que el esfuerzo que estamos haciendo no es aislado\u201d, destacando adem\u00e1s el trabajo coordinado con la Comisar\u00eda de G\u00e9nero y la Brigada de Delitos Complejos. \u201cQueremos que este sea un abordaje integral si hay situaciones de vulnerabilidad familiar, o tambi\u00e9n si se requiere un trabajo de inteligencia m\u00e1s profundo tras un robo, por ejemplo\u201d, se\u00f1al\u00f3.<\/p>\n<p>\u201cVamos a implementar reuniones peri\u00f3dicas con los referentes del barrio para continuar con el di\u00e1logo y evaluar si hace falta reordenar la cobertura, pero tambi\u00e9n se ha puesto en marcha una mesa de trabajo con los vecinos para poder recibir sus aportes y ajustar la prevenci\u00f3n\u201d, agreg\u00f3.<\/p>\n<p>Serrano garantiz\u00f3 a los vecinos \u201cque estamos ocupados de la seguridad y que ning\u00fan hecho se minimiza\u201d, explicando que \u201ccada denuncia nos permite mapear el delito y actuar con m\u00e1s inteligencia\u201d.<\/p>\n<p>\u201cLa seguridad la tenemos que construir entre todos, y esta instituci\u00f3n tiene las puertas abiertas para el vecino para evacuar cualquier duda. El compromiso que tenemos es total\u201d, afirm\u00f3.<\/p>\n<p><img loading=\"lazy\" decoding=\"async\" class=\"alignnone size-medium wp-image-73515\" src=\"https:\/\/hablemosclarotdf.com.ar\/wp-content\/uploads\/2026\/04\/photo_2026-04-28_17-29-02-300x200.jpg\" alt=\"\" width=\"300\" height=\"200\" srcset=\"https:\/\/hablemosclarotdf.com.ar\/wp-content\/uploads\/2026\/04\/photo_2026-04-28_17-29-02-300x200.jpg 300w, https:\/\/hablemosclarotdf.com.ar\/wp-content\/uploads\/2026\/04\/photo_2026-04-28_17-29-02-1024x682.jpg 1024w, https:\/\/hablemosclarotdf.com.ar\/wp-content\/uploads\/2026\/04\/photo_2026-04-28_17-29-02-768x512.jpg 768w, https:\/\/hablemosclarotdf.com.ar\/wp-content\/uploads\/2026\/04\/photo_2026-04-28_17-29-02.jpg 1280w\" sizes=\"auto, (max-width: 300px) 100vw, 300px\" \/> <img loading=\"lazy\" decoding=\"async\" class=\"alignnone size-medium wp-image-73516\" src=\"https:\/\/hablemosclarotdf.com.ar\/wp-content\/uploads\/2026\/04\/photo_2026-04-28_17-29-08-300x200.jpg\" alt=\"\" width=\"300\" height=\"200\" srcset=\"https:\/\/hablemosclarotdf.com.ar\/wp-content\/uploads\/2026\/04\/photo_2026-04-28_17-29-08-300x200.jpg 300w, https:\/\/hablemosclarotdf.com.ar\/wp-content\/uploads\/2026\/04\/photo_2026-04-28_17-29-08-1024x682.jpg 1024w, https:\/\/hablemosclarotdf.com.ar\/wp-content\/uploads\/2026\/04\/photo_2026-04-28_17-29-08-768x512.jpg 768w, https:\/\/hablemosclarotdf.com.ar\/wp-content\/uploads\/2026\/04\/photo_2026-04-28_17-29-08.jpg 1280w\" sizes=\"auto, (max-width: 300px) 100vw, 300px\" \/> <img loading=\"lazy\" decoding=\"async\" class=\"alignnone size-medium wp-image-73517\" src=\"https:\/\/hablemosclarotdf.com.ar\/wp-content\/uploads\/2026\/04\/photo_2026-04-28_17-29-20-300x200.jpg\" alt=\"\" width=\"300\" height=\"200\" srcset=\"https:\/\/hablemosclarotdf.com.ar\/wp-content\/uploads\/2026\/04\/photo_2026-04-28_17-29-20-300x200.jpg 300w, https:\/\/hablemosclarotdf.com.ar\/wp-content\/uploads\/2026\/04\/photo_2026-04-28_17-29-20-1024x682.jpg 1024w, https:\/\/hablemosclarotdf.com.ar\/wp-content\/uploads\/2026\/04\/photo_2026-04-28_17-29-20-768x512.jpg 768w, https:\/\/hablemosclarotdf.com.ar\/wp-content\/uploads\/2026\/04\/photo_2026-04-28_17-29-20.jpg 1280w\" sizes=\"auto, (max-width: 300px) 100vw, 300px\" \/> <img loading=\"lazy\" decoding=\"async\" class=\"alignnone size-medium wp-image-73518\" src=\"https:\/\/hablemosclarotdf.com.ar\/wp-content\/uploads\/2026\/04\/photo_2026-04-28_17-29-26-300x225.jpg\" alt=\"\" width=\"300\" height=\"225\" srcset=\"https:\/\/hablemosclarotdf.com.ar\/wp-content\/uploads\/2026\/04\/photo_2026-04-28_17-29-26-300x225.jpg 300w, https:\/\/hablemosclarotdf.com.ar\/wp-content\/uploads\/2026\/04\/photo_2026-04-28_17-29-26-1024x768.jpg 1024w, https:\/\/hablemosclarotdf.com.ar\/wp-content\/uploads\/2026\/04\/photo_2026-04-28_17-29-26-768x576.jpg 768w, https:\/\/hablemosclarotdf.com.ar\/wp-content\/uploads\/2026\/04\/photo_2026-04-28_17-29-26.jpg 1280w\" sizes=\"auto, (max-width: 300px) 100vw, 300px\" \/><\/p>\n","protected":false},"excerpt":{"rendered":"<p>Autoridades de la Polic\u00eda de la Provincia se reunieron con vecinos del barrio \u201cAltos de&#8230;<\/p>\n","protected":false},"author":1,"featured_media":73514,"comment_status":"closed","ping_status":"closed","sticky":false,"template":"","format":"standard","meta":{"footnotes":""},"categories":[3],"tags":[],"class_list":["post-73513","post","type-post","status-publish","format-standard","has-post-thumbnail","hentry","category-noticias"],"jetpack_featured_media_url":"https:\/\/hablemosclarotdf.com.ar\/wp-content\/uploads\/2026\/04\/photo_2026-04-28_17-28-58.jpg","_links":{"self":[{"href":"https:\/\/hablemosclarotdf.com.ar\/index.php?rest_route=\/wp\/v2\/posts\/73513","targetHints":{"allow":["GET"]}}],"collection":[{"href":"https:\/\/hablemosclarotdf.com.ar\/index.php?rest_route=\/wp\/v2\/posts"}],"about":[{"href":"https:\/\/hablemosclarotdf.com.ar\/index.php?rest_route=\/wp\/v2\/types\/post"}],"author":[{"embeddable":true,"href":"https:\/\/hablemosclarotdf.com.ar\/index.php?rest_route=\/wp\/v2\/users\/1"}],"replies":[{"embeddable":true,"href":"https:\/\/hablemosclarotdf.com.ar\/index.php?rest_route=%2Fwp%2Fv2%2Fcomments&post=73513"}],"version-history":[{"count":1,"href":"https:\/\/hablemosclarotdf.com.ar\/index.php?rest_route=\/wp\/v2\/posts\/73513\/revisions"}],"predecessor-version":[{"id":73519,"href":"https:\/\/hablemosclarotdf.com.ar\/index.php?rest_route=\/wp\/v2\/posts\/73513\/revisions\/73519"}],"wp:featuredmedia":[{"embeddable":true,"href":"https:\/\/hablemosclarotdf.com.ar\/index.php?rest_route=\/wp\/v2\/media\/73514"}],"wp:attachment":[{"href":"https:\/\/hablemosclarotdf.com.ar\/index.php?rest_route=%2Fwp%2Fv2%2Fmedia&parent=73513"}],"wp:term":[{"taxonomy":"category","embeddable":true,"href":"https:\/\/hablemosclarotdf.com.ar\/index.php?rest_route=%2Fwp%2Fv2%2Fcategories&post=73513"},{"taxonomy":"post_tag","embeddable":true,"href":"https:\/\/hablemosclarotdf.com.ar\/index.php?rest_route=%2Fwp%2Fv2%2Ftags&post=73513"}],"curies":[{"name":"wp","href":"https:\/\/api.w.org\/{rel}","templated":true}]}}